{"id":187038,"date":"2025-01-27T16:10:18","date_gmt":"2025-01-27T19:10:18","guid":{"rendered":"https:\/\/corrientesdetarde.com\/?p=187038"},"modified":"2025-01-27T16:10:22","modified_gmt":"2025-01-27T19:10:22","slug":"el-gobierno-acuso-a-la-oposicion-de-trabar-la-eliminacion-de-las-paso-por-especulacion-politica","status":"publish","type":"post","link":"https:\/\/corrientesdetarde.com\/index.php\/politica\/el-gobierno-acuso-a-la-oposicion-de-trabar-la-eliminacion-de-las-paso-por-especulacion-politica\/","title":{"rendered":"El Gobierno acus\u00f3 a la oposici\u00f3n de trabar la eliminaci\u00f3n de las PASO por especulaci\u00f3n pol\u00edtica"},"content":{"rendered":"\n<p>El jefe de Gabinete, Guillermo Francos, habl\u00f3 sobre las dificultades del oficialismo para generar consensos en las sesiones extraordinarias. Qu\u00e9 dijo sobre el v\u00ednculo entre La Libertad Avanza y el PRO.<\/p>\n\n\n\n<p>Mientras apura las\u00a0<strong>negociaciones en el Congreso<\/strong>\u00a0para aprobar varios proyectos durante las\u00a0<strong>sesiones extraordinarias<\/strong>, el\u00a0<strong>Gobierno<\/strong>\u00a0acus\u00f3 este lunes a la oposici\u00f3n de\u00a0<strong>trabar la eliminaci\u00f3n de las PASO<\/strong>\u00a0por<strong>\u00a0\u201cespeculaci\u00f3n pol\u00edtica\u201d<\/strong>.<\/p>\n\n\n\n<p>\u201cCreo que es un poco la especulaci\u00f3n pol\u00edtica de\u00a0<strong>algunos a los que les conviene tener PASO para definir las candidaturas<\/strong>\u00a0en las pr\u00f3ximas elecciones. Yo creo que todo son especulaciones.\u00a0<strong>Es un gasto innecesario<\/strong>, sin duda. Es lo que venimos planteando. Pero bueno. Es dif\u00edcil, cuando se ha instalado un sistema, es dif\u00edcil volverlo atr\u00e1s\u201d, dijo el jefe de Gabinete de la Naci\u00f3n,\u00a0<strong>Guillermo Francos<\/strong>.<\/p>\n\n\n\n<p>Consultado en una entrevista con radio&nbsp;<em>Continental&nbsp;<\/em>si el Gobierno deber\u00e1&nbsp;<strong>conformarse con la suspensi\u00f3n<\/strong>&nbsp;de las primarias ante la falta de consenso para eliminarlas para siempre, Francos respondi\u00f3: \u201cEl Gobierno plantea la eliminaci\u00f3n.&nbsp;<strong>Veremos si ser\u00e1 eso o la suspensi\u00f3n<\/strong>; una de las dos cosas. Nosotros vamos a seguir propiciando la eliminaci\u00f3n y veremos si conseguimos los apoyos para eso\u201d.<\/p>\n\n\n\n<p>El funcionario record\u00f3 que \u201chist\u00f3ricamente, en este per\u00edodo democr\u00e1tico, desde 1983 hasta el 2010,&nbsp;<strong>cada partido presentaba a sus candidatos y resolv\u00eda internamente<\/strong>; despu\u00e9s la Justicia analizaba si el procedimiento de presentaci\u00f3n de candidatura se le tomaba\u201d.<\/p>\n\n\n\n<p>\u201cDespu\u00e9s se cambi\u00f3, supongo que por conveniencia pol\u00edtica del gobierno de esa \u00e9poca. Resolvieron hacer estas primarias abiertas, simult\u00e1neas, obligatorias, que para m\u00ed&nbsp;<strong>no resolvieron absolutamente ning\u00fan problema<\/strong>, no hicieron ninguna mejora, que implicaron gasto y molestia para la gente\u201d, se\u00f1al\u00f3 Francos.<\/p>\n\n\n\n<p>Y sum\u00f3, enfoc\u00e1ndose en el&nbsp;<strong>gasto&nbsp;<\/strong>que implica realizar las primarias: \u201cImag\u00ednese lo que significa poner en marcha una elecci\u00f3n. Y se lo hace dos veces en el a\u00f1o. Una elecci\u00f3n general implica no solamente inversi\u00f3n en dinero para hacer las urnas, para hacer las boletas, para movilizar todo el aparato estatal, movilizar estructuras militares, movilizar estructuras, establecer los colegios donde se vota, preparar a las autoridades de mesa, despu\u00e9s dejar a los chicos sin clase un d\u00eda. Es realmente un&nbsp;<strong>movimiento impresionante para una elecci\u00f3n que no resuelve nada<\/strong>\u201d.<\/p>\n\n\n\n<p>\u201cAs\u00ed hemos generado la&nbsp;<strong>ineficiencia del Estado y tambi\u00e9n de la pol\u00edtica<\/strong>. Ni hablar de los&nbsp;<strong>partidos y partiditos que existen<\/strong>&nbsp;en la actividad pol\u00edtica argentina. \u00bfSabe cu\u00e1ntos partidos existen en la Argentina? El otro d\u00eda se lo cont\u00e9 a unos inversores que me preguntaron. \u00bf20? No,&nbsp;<strong>770<\/strong>\u2033. Algunos no tienen ni un concejal. Pero como son partidos habilitados, si se presentan a una elecci\u00f3n, usted tiene que pagarle las boletas. Ha sido hist\u00f3ricamente un lugar que afanosamente no quieren abandonar\u201d.<\/p>\n\n\n\n<p>Por otra parte, consultado sobre la&nbsp;<strong>relaci\u00f3n&nbsp;<\/strong>de&nbsp;<strong>La Libertad Avanza<\/strong>&nbsp;con el&nbsp;<strong>PRO<\/strong>, Francos dijo que es<strong>&nbsp;\u201cbuena\u201d.<\/strong>&nbsp;\u201dPodemos tener algunas diferencias, porque son l\u00f3gicas. Es un espacio pol\u00edtico nuevo que se est\u00e1 conformando, hay algunos que han militado en el PRO, que por ah\u00ed tienen el camino m\u00e1s abierto, una fuerza pol\u00edtica que tiene hoy, una situaci\u00f3n muy grande en la gente, y entonces son los que tienen m\u00e1s\u201d.<\/p>\n\n\n\n<p>Y cerr\u00f3: \u201c<strong>Mauricio Macri ha sido un colaborador del gobierno<\/strong>, ha apoyado al gobierno muy fuertemente, no veo por qu\u00e9 no lo har\u00eda en el futuro. Y bueno, algunos sostienen que va a ser el candidato, y fuera de bueno que sea el candidato en las pr\u00f3ximas elecciones\u201d.<\/p>\n","protected":false},"excerpt":{"rendered":"<p>El jefe de Gabinete, Guillermo Francos, habl\u00f3 sobre las dificultades del oficialismo para generar consensos en las sesiones extraordinarias. Qu\u00e9 dijo sobre el v\u00ednculo entre La Libertad Avanza y el&hellip; <\/p>\n","protected":false},"author":8,"featured_media":187039,"comment_status":"closed","ping_status":"open","sticky":false,"template":"","format":"standard","meta":{"footnotes":""},"categories":[3],"tags":[],"class_list":["post-187038","post","type-post","status-publish","format-standard","has-post-thumbnail","hentry","category-politica"],"_links":{"self":[{"href":"https:\/\/corrientesdetarde.com\/index.php\/wp-json\/wp\/v2\/posts\/187038","targetHints":{"allow":["GET"]}}],"collection":[{"href":"https:\/\/corrientesdetarde.com\/index.php\/wp-json\/wp\/v2\/posts"}],"about":[{"href":"https:\/\/corrientesdetarde.com\/index.php\/wp-json\/wp\/v2\/types\/post"}],"author":[{"embeddable":true,"href":"https:\/\/corrientesdetarde.com\/index.php\/wp-json\/wp\/v2\/users\/8"}],"replies":[{"embeddable":true,"href":"https:\/\/corrientesdetarde.com\/index.php\/wp-json\/wp\/v2\/comments?post=187038"}],"version-history":[{"count":1,"href":"https:\/\/corrientesdetarde.com\/index.php\/wp-json\/wp\/v2\/posts\/187038\/revisions"}],"predecessor-version":[{"id":187041,"href":"https:\/\/corrientesdetarde.com\/index.php\/wp-json\/wp\/v2\/posts\/187038\/revisions\/187041"}],"wp:featuredmedia":[{"embeddable":true,"href":"https:\/\/corrientesdetarde.com\/index.php\/wp-json\/wp\/v2\/media\/187039"}],"wp:attachment":[{"href":"https:\/\/corrientesdetarde.com\/index.php\/wp-json\/wp\/v2\/media?parent=187038"}],"wp:term":[{"taxonomy":"category","embeddable":true,"href":"https:\/\/corrientesdetarde.com\/index.php\/wp-json\/wp\/v2\/categories?post=187038"},{"taxonomy":"post_tag","embeddable":true,"href":"https:\/\/corrientesdetarde.com\/index.php\/wp-json\/wp\/v2\/tags?post=187038"}],"curies":[{"name":"wp","href":"https:\/\/api.w.org\/{rel}","templated":true}]}}