{"id":187042,"date":"2025-01-27T19:23:41","date_gmt":"2025-01-27T22:23:41","guid":{"rendered":"https:\/\/corrientesdetarde.com\/?p=187042"},"modified":"2025-01-27T19:25:00","modified_gmt":"2025-01-27T22:25:00","slug":"macabro-asaltaron-a-una-mujer-de-92-anos-y-se-sacaron-una-selfie-con-ella-atada-en-la-cama","status":"publish","type":"post","link":"https:\/\/corrientesdetarde.com\/index.php\/policiales\/macabro-asaltaron-a-una-mujer-de-92-anos-y-se-sacaron-una-selfie-con-ella-atada-en-la-cama\/","title":{"rendered":"Macabro: asaltaron a una mujer de 92 a\u00f1os y se sacaron una selfie con ella atada en la cama"},"content":{"rendered":"\n<p>La banda, compuesta dos mayores y dos menores de edad, se dedicaba a robarle a ancianos en Vicente L\u00f3pez. El fiscal pidi\u00f3 su procesamiento y elevaci\u00f3n a juicio.<\/p>\n\n\n\n<p>&#8220;La chispa es una&#8221;. Esa frase, junto a un fragmento de Roller Coaster de Paskman, acompa\u00f1\u00f3 la selfie frente a un espejo de tres j\u00f3venes acusados de integrar una banda dedicada a robarle a ancianos en Vicente L\u00f3pez. La foto presenta un detalle macabro: a un costado de la imagen aparece una de sus v\u00edctimas, una mujer de 92 a\u00f1os, atada y sentada en una cama. A su alrededor, las pertenencias que le arrebataron.<\/p>\n\n\n\n<p>El fiscal Alejandro Guevara pidi\u00f3 la prisi\u00f3n preventiva y elevaci\u00f3n a juicio del tr\u00edo, dos de ellos, menores de edad, y de un cuarto de 26 a\u00f1os, tambi\u00e9n se\u00f1alado en la causa, por dos hechos calificados como robo agravado, indicaron fuentes del expediente a Infobae.<\/p>\n\n\n\n<p>Ambos ocurrieron el 17 de enero. El primero, cerca de las 4 de la madrugada, en una propiedad ubicada en la localidad de Florida, a la que tres de los sospechosos ingresaron luego de saltar una reja perimetral y romper una ventana, mientras el cuarto esperaba en un VW Gol Trend listo para escapar.<\/p>\n\n\n\n<p>En el interior de la vivienda, se dirigieron al cuarto principal y ataron de pies y manos a la due\u00f1a, a quien le sacaron 50 mil pesos y 200 d\u00f3lares, alhajas como dos alianzas y una cadenita de oro con un dije y un celular Iphone. Antes de huir, tomaron la foto que exhibieron a modo de trofeo.<\/p>\n\n\n\n<p>Horas m\u00e1s tarde, alrededor de las 13.30, los mismos delincuentes atacaron a una mujer en Munro, con un modus operandi casi id\u00e9ntico. Se llevaron un televisor de 32 pulgadas en el mismo veh\u00edculo.<\/p>\n\n\n\n<p>Los asaltantes fueron identificados tras el relevamiento de las c\u00e1maras de seguridad municipales, testimonios y el an\u00e1lisis de redes sociales. En el perfil de Instagram de uno de ellos, los investigadores encontraron la foto que ilustra este art\u00edculo, entre otras im\u00e1genes vinculadas a los robos.<\/p>\n\n\n\n<p>&#8220;Nunca vi algo as\u00ed. Es repugnante&#8221;, revel\u00f3 a este medio un investigador del caso en el que interviene el Juzgado de Garant\u00edas N\u00b03 de San Isidro, a cargo de Andrea Mentasty.<\/p>\n\n\n\n<h2 class=\"wp-block-heading\">Antecedente<\/h2>\n\n\n\n<p>D\u00edas atr\u00e1s, personal de la Estaci\u00f3n de Polic\u00eda Departamental de Seguridad Vicente L\u00f3pez de la Polic\u00eda Bonaerense detuvo a dos grupos de delincuentes acusados de realizar entraderas con jubilados como v\u00edctimas.<\/p>\n\n\n\n<p>Fuentes policiales precisaron a Infobae que el primero de los hechos ocurri\u00f3 el pasado 15 de enero, cuando tres delincuentes irrumpieron en una finca ubicada en Talcahuano al 600, Villa Martelli, luego de violentar una ventana.<\/p>\n\n\n\n<p>Una vez dentro de la propiedad, los asaltantes redujeron con un arma blanca al due\u00f1o de casa, un jubilado de 87 a\u00f1os, le robaron d\u00f3lares y otras pertenencias de valor, y se dieron a la fuga.<\/p>\n\n\n\n<p>Tras el hecho, personal del Grupo T\u00e1ctico Operativo, que depende de la Superintendencia AMBA Norte I a cargo del comisario mayor Lucas Borge, realiz\u00f3 diversas tareas investigativas, las cuales arrojaron que los sospechosos hab\u00edan escapado a bordo de un Toyota Etios color gris oscuro.<\/p>\n\n\n\n<p>As\u00ed, se dio el aviso correspondiente a los centros de monitoreo zonales para intentar dar con el auto buscado. En ese contexto, este \u00faltimo lunes las c\u00e1maras de seguridad de la Municipalidad de San Mart\u00edn con tecnolog\u00eda de reconocimiento autom\u00e1tico de patentes detectaron al veh\u00edculo en cuesti\u00f3n cuando circulaba por avenida Juan Manuel de Rosas y Ceballos, en Jos\u00e9 Le\u00f3n Su\u00e1rez.<\/p>\n\n\n\n<p>De inmediato, personal policial se dirigi\u00f3 al lugar apuntado, avist\u00f3 al auto y procedi\u00f3 a arrestar a los dos ocupantes: E.E.J.T., de 36 a\u00f1os, y J.A.G.C., de 30. Al requisar el interior del veh\u00edculo, los uniformados incautaron guantes, gorras, pasamonta\u00f1as, llaves tipo barretas, una escalera y cortacandados, entre otras herramientas que implementaban para irrumpir en los domicilios.<\/p>\n\n\n\n<p>En el caso interviene la UFI Vicente L\u00f3pez Oeste, a cargo del fiscal Gast\u00f3n Larramendi, quien imput\u00f3 a los detenidos por robo agravado en modalidad entradera.<\/p>\n","protected":false},"excerpt":{"rendered":"<p>La banda, compuesta dos mayores y dos menores de edad, se dedicaba a robarle a ancianos en Vicente L\u00f3pez. El fiscal pidi\u00f3 su procesamiento y elevaci\u00f3n a juicio. &#8220;La chispa&hellip; <\/p>\n","protected":false},"author":4,"featured_media":187049,"comment_status":"closed","ping_status":"open","sticky":false,"template":"","format":"standard","meta":{"footnotes":""},"categories":[33],"tags":[],"class_list":["post-187042","post","type-post","status-publish","format-standard","has-post-thumbnail","hentry","category-policiales"],"_links":{"self":[{"href":"https:\/\/corrientesdetarde.com\/index.php\/wp-json\/wp\/v2\/posts\/187042","targetHints":{"allow":["GET"]}}],"collection":[{"href":"https:\/\/corrientesdetarde.com\/index.php\/wp-json\/wp\/v2\/posts"}],"about":[{"href":"https:\/\/corrientesdetarde.com\/index.php\/wp-json\/wp\/v2\/types\/post"}],"author":[{"embeddable":true,"href":"https:\/\/corrientesdetarde.com\/index.php\/wp-json\/wp\/v2\/users\/4"}],"replies":[{"embeddable":true,"href":"https:\/\/corrientesdetarde.com\/index.php\/wp-json\/wp\/v2\/comments?post=187042"}],"version-history":[{"count":1,"href":"https:\/\/corrientesdetarde.com\/index.php\/wp-json\/wp\/v2\/posts\/187042\/revisions"}],"predecessor-version":[{"id":187050,"href":"https:\/\/corrientesdetarde.com\/index.php\/wp-json\/wp\/v2\/posts\/187042\/revisions\/187050"}],"wp:featuredmedia":[{"embeddable":true,"href":"https:\/\/corrientesdetarde.com\/index.php\/wp-json\/wp\/v2\/media\/187049"}],"wp:attachment":[{"href":"https:\/\/corrientesdetarde.com\/index.php\/wp-json\/wp\/v2\/media?parent=187042"}],"wp:term":[{"taxonomy":"category","embeddable":true,"href":"https:\/\/corrientesdetarde.com\/index.php\/wp-json\/wp\/v2\/categories?post=187042"},{"taxonomy":"post_tag","embeddable":true,"href":"https:\/\/corrientesdetarde.com\/index.php\/wp-json\/wp\/v2\/tags?post=187042"}],"curies":[{"name":"wp","href":"https:\/\/api.w.org\/{rel}","templated":true}]}}