{"id":18705,"date":"2022-11-10T18:29:05","date_gmt":"2022-11-10T21:29:05","guid":{"rendered":"https:\/\/corrientesdetarde.com\/?p=18705"},"modified":"2022-11-10T18:29:08","modified_gmt":"2022-11-10T21:29:08","slug":"por-el-atraso-en-los-fondos-de-incluir-cardozo-analizo-vias-de-solucion-con-una-asociacion-civil","status":"publish","type":"post","link":"https:\/\/corrientesdetarde.com\/index.php\/locales\/por-el-atraso-en-los-fondos-de-incluir-cardozo-analizo-vias-de-solucion-con-una-asociacion-civil\/","title":{"rendered":"Por el atraso en los fondos de Incluir, Cardozo analiz\u00f3 v\u00edas de soluci\u00f3n con una asociaci\u00f3n civil"},"content":{"rendered":"\n<p><em>Puntualmente, el ministro de Salud P\u00fablica se reuni\u00f3 hoy con Asociaci\u00f3n Civil Prestadores de Discapacidad Unidos. Se evalu\u00f3 la problem\u00e1tica que afecta a personas con discapacidad y se analizaron estrategias de soluci\u00f3n.<\/em><\/p>\n\n\n\n<p>El ministro de Salud P\u00fablica de la Provincia, Ricardo Cardozo, se reuni\u00f3 con representantes de la Asociaci\u00f3n Civil Prestadores de Discapacidad Unidos y parte de su gabinete involucrados en la tem\u00e1tica. El tema central fue el atraso de los fondos nacionales del programa Incluir, mediante el cual se brinda atenci\u00f3n y tratamiento a personas con discapacidad y la problem\u00e1tica que eso conlleva. Se analiz\u00f3 la situaci\u00f3n y se cre\u00f3 un canal de di\u00e1logo para evaluar y definir estrategias de soluci\u00f3n.&nbsp;<\/p>\n\n\n\n<p>El encuentro se llev\u00f3 a cabo en el despacho del titular de la cartera sanitaria. Por parte de Salud P\u00fablica, estuvo la directora de Atenci\u00f3n a la Discapacidad, Mirta Mendoza; la coordinadora de Incluir Salud filial Corrientes, Melisa G\u00f3mez Tonsich; y el director de Administraci\u00f3n, Francisco Fern\u00e1ndez.<\/p>\n\n\n\n<p>Por parte de la Asociaci\u00f3n Civil Prestadores de Discapacidad Unidos, estuvo su presidenta, Marcela Kriscovich; y Walter Arceguet Walter Goldfard. Tambi\u00e9n estuvo presente la diputada provincial Any Pereira, quien encaus\u00f3 este canal de di\u00e1logo.<\/p>\n\n\n\n<p>\u201cNos reunimos con actores de la sociedad comprometidos con la problem\u00e1tica de la discapacidad. Se plantearon una serie de inconvenientes respecto a financiamientos a los presupuestos nacionales, sobre todo de Incluir, para el tratamiento de estas personas con discapacidad\u201d, dijo el ministro&nbsp;<strong>Ricardo Cardozo<\/strong>.<\/p>\n\n\n\n<p>\u201cA parte de plantearse temas puntuales, se concluy\u00f3 que se creen canales dialogo permanentes; por un lado para trabajar sobre pol\u00edticas y proyectos a nivel nacional habida cuenta de la situaci\u00f3n de que la Naci\u00f3n incumple con los fondos que debe remitir para este problema y, por otro lado, para que estos canales de dialogo sirvan para soluci\u00f3n o respuesta de temas puntuales de ciudadanos correntinos con discapacidad\u201d, agreg\u00f3.<\/p>\n\n\n\n<p>El ministro se mostr\u00f3 preocupado por sobre todo por el tema de Incluir, \u201cya que la Naci\u00f3n est\u00e1 atrasada 5 meses en la remisi\u00f3n de los fondos y por lo tanto esto crea un atraso para la escuelas especiales que atienden a los ni\u00f1os con discapacidad. Esto genera zozobra, preocupaci\u00f3n por parte de los padres y los familiares de estas personas porque se ven afectados en su tratamiento, su atenci\u00f3n\u201d, indic\u00f3.<\/p>\n\n\n\n<p>\u201cEste es un tema que se va a trabajar a nivel local y seguramente lo conversaremos con el gobernador Gustavo Vald\u00e9s y se va a tejer una estrategia mancomunada para hacer los reclamos a nivel nacional correspondientes\u201d, asegur\u00f3.<\/p>\n","protected":false},"excerpt":{"rendered":"<p>Puntualmente, el ministro de Salud P\u00fablica se reuni\u00f3 hoy con Asociaci\u00f3n Civil Prestadores de Discapacidad Unidos. Se evalu\u00f3 la problem\u00e1tica que afecta a personas con discapacidad y se analizaron estrategias&hellip; <\/p>\n","protected":false},"author":8,"featured_media":18706,"comment_status":"closed","ping_status":"open","sticky":false,"template":"","format":"standard","meta":{"footnotes":""},"categories":[8],"tags":[],"class_list":["post-18705","post","type-post","status-publish","format-standard","has-post-thumbnail","hentry","category-locales"],"_links":{"self":[{"href":"https:\/\/corrientesdetarde.com\/index.php\/wp-json\/wp\/v2\/posts\/18705","targetHints":{"allow":["GET"]}}],"collection":[{"href":"https:\/\/corrientesdetarde.com\/index.php\/wp-json\/wp\/v2\/posts"}],"about":[{"href":"https:\/\/corrientesdetarde.com\/index.php\/wp-json\/wp\/v2\/types\/post"}],"author":[{"embeddable":true,"href":"https:\/\/corrientesdetarde.com\/index.php\/wp-json\/wp\/v2\/users\/8"}],"replies":[{"embeddable":true,"href":"https:\/\/corrientesdetarde.com\/index.php\/wp-json\/wp\/v2\/comments?post=18705"}],"version-history":[{"count":1,"href":"https:\/\/corrientesdetarde.com\/index.php\/wp-json\/wp\/v2\/posts\/18705\/revisions"}],"predecessor-version":[{"id":18707,"href":"https:\/\/corrientesdetarde.com\/index.php\/wp-json\/wp\/v2\/posts\/18705\/revisions\/18707"}],"wp:featuredmedia":[{"embeddable":true,"href":"https:\/\/corrientesdetarde.com\/index.php\/wp-json\/wp\/v2\/media\/18706"}],"wp:attachment":[{"href":"https:\/\/corrientesdetarde.com\/index.php\/wp-json\/wp\/v2\/media?parent=18705"}],"wp:term":[{"taxonomy":"category","embeddable":true,"href":"https:\/\/corrientesdetarde.com\/index.php\/wp-json\/wp\/v2\/categories?post=18705"},{"taxonomy":"post_tag","embeddable":true,"href":"https:\/\/corrientesdetarde.com\/index.php\/wp-json\/wp\/v2\/tags?post=18705"}],"curies":[{"name":"wp","href":"https:\/\/api.w.org\/{rel}","templated":true}]}}