{"id":187064,"date":"2025-01-27T19:40:38","date_gmt":"2025-01-27T22:40:38","guid":{"rendered":"https:\/\/corrientesdetarde.com\/?p=187064"},"modified":"2025-01-27T19:40:50","modified_gmt":"2025-01-27T22:40:50","slug":"licitaron-la-construccion-del-acceso-al-perichon-como-sera-la-trascendental-obra","status":"publish","type":"post","link":"https:\/\/corrientesdetarde.com\/index.php\/destacados\/licitaron-la-construccion-del-acceso-al-perichon-como-sera-la-trascendental-obra\/","title":{"rendered":"Licitaron la construcci\u00f3n del acceso al Perich\u00f3n: c\u00f3mo ser\u00e1 la trascendental obra"},"content":{"rendered":"\n<p>Se concret\u00f3 en la ma\u00f1ana de este lunes la primera licitaci\u00f3n p\u00fablica del a\u00f1o 2025, destinada a la apertura de sobres para la obra de pavimentaci\u00f3n de m\u00e1s de 4.000 metros en el acceso al Perich\u00f3n, una zona de fuerte crecimiento poblacional y donde adem\u00e1s se realizar\u00e1n trabajos para la construcci\u00f3n de la red troncal de distribuci\u00f3n de agua potable.<\/p>\n\n\n\n<p>Autoridades del Ministerio Obras P\u00fablicas, encabezadas por el Ministro Claudio Polich, participaron en la ma\u00f1ana de este lunes del acto de apertura de sobres para la licitaci\u00f3n de la obra que permitir\u00e1 la pavimentaci\u00f3n de unos 4.400 metros en el acceso a Perich\u00f3n hasta las inmediaciones del rio Paran\u00e1.<\/p>\n\n\n\n<p>&#8220;Es una obra trascendental para para el desarrollo urban\u00edstico y el crecimiento poblacional que va teniendo la ciudad de Corrientes, una obra altamente requerida&#8221;, destac\u00f3 Polich durante el acto. En ese sentido, record\u00f3 los trabajos que se vienen desarrollando desde hace a\u00f1os en la zona para acompa\u00f1ar el crecimiento demogr\u00e1fico que presenta. &#8220;Empezamos trabajando con desag\u00fces, despu\u00e9s mejoramos el ripio y la calzada en su totalidad, hicimos la iluminaci\u00f3n en el acceso. Tambi\u00e9n mejoramos la provisi\u00f3n de energ\u00eda, algo que presentaba much\u00edsimos problemas en el pasado, ya que se abastec\u00eda de la estaci\u00f3n transformadora que estaba ubicada en la zona de ruta 43 y 99 y despu\u00e9s conseguimos que se diera abastecimiento de energ\u00eda desde el aeropuerto&#8221;, enumer\u00f3.<\/p>\n\n\n\n<p>As\u00ed mismo, apunt\u00f3 que la \u00faltima obra de grandes dimensiones realizada en la zona fue la canalizaci\u00f3n del arroyo Naranjito &#8220;que generaba graves inundaciones desde el ingreso al Perich\u00f3n, donde el agua buscaba su escurrimiento natural hacia el rio Paran\u00e1 y el camino de acceso terminaba como un dique&#8221;, explic\u00f3.<\/p>\n\n\n\n<p>Por otra parte, tambi\u00e9n la provisi\u00f3n de agua potable para la zona est\u00e1 contemplada con otra obra que apunta a la extensi\u00f3n de la red troncal en el lugar, que en la actualidad se abastece en su totalidad de perforaciones; a\u00fan en viviendas de alta inversi\u00f3n inmobiliaria. &#8220;Es una zona que present\u00f3 un algo crecimiento en poco tiempo y no tiene los servicios adecuados para el crecimiento demogr\u00e1fico. Esta pavimentaci\u00f3n tiene que ver con una obra trascendental, con caracter\u00edsticas especiales, va a aportar a la comodidad y seguridad a quienes viven en el lugar&#8221;, asegur\u00f3 el Ministro, en tanto destac\u00f3 el acompa\u00f1amiento de gobierno provincial al desarrollo y crecimiento de esa zona de la Capital.<\/p>\n\n\n\n<h2 class=\"wp-block-heading\">Detalles de los trabajos<\/h2>\n\n\n\n<p>Seg\u00fan precis\u00f3 el Ministro Polich, la obra podr\u00eda estar lista para el mes de junio. A la convocatoria de la licitaci\u00f3n p\u00fablica se presentaron tres oferentes, para realizar la pavimentaci\u00f3n de una longitud de m\u00e1s de 4.400 metros y se extender\u00e1 desde la intersecci\u00f3n con ruta Nacional 12 hasta su cruce con la calle 570 en proximidades del r\u00edo Paran\u00e1, con un presupuesto oficial de $3.533.252.911,28 y un plazo de ejecuci\u00f3n de 180 d\u00edas.<\/p>\n\n\n\n<p>El proyecto de pavimentaci\u00f3n &nbsp;contempla diversas etapas de ejecuci\u00f3n que incluyen movimiento de suelos, ejecuci\u00f3n del paquete estructural del camino con base de suelo-cemento, colocaci\u00f3n de una carpeta de concreto asf\u00e1ltico, obras complementarias y la se\u00f1alizaci\u00f3n horizontal y vertical.<\/p>\n\n\n\n<p>En cuanto a la etapa de movimientos de suelos, tiene como objetivo adecuar el terreno para la posterior ejecuci\u00f3n de las capas de pavimento e incluyen el desbroce y limpieza de la zona de intervenci\u00f3n, excavaci\u00f3n para nivelaci\u00f3n y conformaci\u00f3n de las bases y el relleno y compactaci\u00f3n del suelo.<\/p>\n\n\n\n<p>En lo referente al paquete estructural, se ejecutar\u00e1 una subrasante de suelo compactado de 20 cent\u00edmetros de espesor &nbsp;que proporcionar\u00e1 una base estable para &nbsp;la pr\u00f3xima capa de suelo-cemento que se ejecutar\u00e1 y que tendr\u00e1 un espesor de 12 cent\u00edmetros. Este proceso implicar\u00e1 la mezcla de suelo natural con cemento en la proporci\u00f3n adecuada, que luego se compactar\u00e1 para lograr una resistencia y durabilidad \u00f3ptimas para soportar las cargas del tr\u00e1fico vehicular.<\/p>\n\n\n\n<p>Cumplido esto se proceder\u00e1 a proveer de una carpeta de concreto asf\u00e1ltico de un espesor promedio de 5 cent\u00edmetros. Esta capa se ejecutar\u00e1 mediante el uso de una planta asf\u00e1ltica m\u00f3vil, aplicando el asfalto caliente y extendi\u00e9ndolo de manera uniforme con maquinaria adecuada, que garanticen &nbsp;la correcta compactaci\u00f3n y terminaci\u00f3n superficial para asegurar la durabilidad de la carpeta asf\u00e1ltica y la calidad de la rodadura.<\/p>\n\n\n\n<p>Adem\u00e1s de los trabajos principales de pavimentaci\u00f3n, se realizar\u00e1n distintas obras complementarias que incluir\u00e1n la construcci\u00f3n de sumideros para asegurar el drenaje adecuado de las aguas lluvias, previ\u00e9ndose tambi\u00e9n la iluminaci\u00f3n de todo el tramo intervenido el cu\u00e1l &nbsp;ser\u00e1 debidamente provisto de se\u00f1alizaci\u00f3n horizontal y vertical.<\/p>\n","protected":false},"excerpt":{"rendered":"<p>Se concret\u00f3 en la ma\u00f1ana de este lunes la primera licitaci\u00f3n p\u00fablica del a\u00f1o 2025, destinada a la apertura de sobres para la obra de pavimentaci\u00f3n de m\u00e1s de 4.000&hellip; <\/p>\n","protected":false},"author":4,"featured_media":187065,"comment_status":"closed","ping_status":"open","sticky":false,"template":"","format":"standard","meta":{"footnotes":""},"categories":[26],"tags":[],"class_list":["post-187064","post","type-post","status-publish","format-standard","has-post-thumbnail","hentry","category-destacados"],"_links":{"self":[{"href":"https:\/\/corrientesdetarde.com\/index.php\/wp-json\/wp\/v2\/posts\/187064","targetHints":{"allow":["GET"]}}],"collection":[{"href":"https:\/\/corrientesdetarde.com\/index.php\/wp-json\/wp\/v2\/posts"}],"about":[{"href":"https:\/\/corrientesdetarde.com\/index.php\/wp-json\/wp\/v2\/types\/post"}],"author":[{"embeddable":true,"href":"https:\/\/corrientesdetarde.com\/index.php\/wp-json\/wp\/v2\/users\/4"}],"replies":[{"embeddable":true,"href":"https:\/\/corrientesdetarde.com\/index.php\/wp-json\/wp\/v2\/comments?post=187064"}],"version-history":[{"count":2,"href":"https:\/\/corrientesdetarde.com\/index.php\/wp-json\/wp\/v2\/posts\/187064\/revisions"}],"predecessor-version":[{"id":187067,"href":"https:\/\/corrientesdetarde.com\/index.php\/wp-json\/wp\/v2\/posts\/187064\/revisions\/187067"}],"wp:featuredmedia":[{"embeddable":true,"href":"https:\/\/corrientesdetarde.com\/index.php\/wp-json\/wp\/v2\/media\/187065"}],"wp:attachment":[{"href":"https:\/\/corrientesdetarde.com\/index.php\/wp-json\/wp\/v2\/media?parent=187064"}],"wp:term":[{"taxonomy":"category","embeddable":true,"href":"https:\/\/corrientesdetarde.com\/index.php\/wp-json\/wp\/v2\/categories?post=187064"},{"taxonomy":"post_tag","embeddable":true,"href":"https:\/\/corrientesdetarde.com\/index.php\/wp-json\/wp\/v2\/tags?post=187064"}],"curies":[{"name":"wp","href":"https:\/\/api.w.org\/{rel}","templated":true}]}}