{"id":187167,"date":"2025-01-28T13:03:07","date_gmt":"2025-01-28T16:03:07","guid":{"rendered":"https:\/\/corrientesdetarde.com\/?p=187167"},"modified":"2025-01-28T13:03:12","modified_gmt":"2025-01-28T16:03:12","slug":"con-apoyo-provincial-alumnos-de-paso-de-la-patria-disfrutan-viaje-ganado-en-una-competencia-educativa","status":"publish","type":"post","link":"https:\/\/corrientesdetarde.com\/index.php\/destacados\/con-apoyo-provincial-alumnos-de-paso-de-la-patria-disfrutan-viaje-ganado-en-una-competencia-educativa\/","title":{"rendered":"Con apoyo provincial, alumnos de Paso de la Patria disfrutan viaje ganado en una competencia educativa"},"content":{"rendered":"\n<p>Los alumnos de la Escuela \u201cMiguel \u00c1ngel Gim\u00e9nez\u201d, de Paso de la Patria, que en diciembre pasado se coronaron como los primeros campeones del programa \u201cAprobados\u201d, disfrutan actualmente de su premio: una estad\u00eda en Villa Carlos Paz, C\u00f3rdoba. Acompa\u00f1ados por dos docentes y coordinados por la agencia de viajes correntina \u201cCamba Ca\u00e1\u201d, los j\u00f3venes viven una experiencia educativa y recreativa que marca el cierre de su participaci\u00f3n en este innovador certamen.<\/p>\n\n\n\n<p>\u201cAprobados\u201d, un programa emitido y producido por el canal de streaming \u201cByStreamers\u201d, tiene como objetivo premiar el conocimiento de los estudiantes del \u00faltimo a\u00f1o del nivel secundario. En su edici\u00f3n 2024, el ciclo cont\u00f3 con el respaldo del Ministerio de Educaci\u00f3n de Corrientes, la Subsecretar\u00eda de Contenidos Audiovisuales, la plataforma&nbsp;<a href=\"https:\/\/4ue34.r.sp1-brevo.net\/mk\/cl\/f\/sh\/6rqJfgq8dINmNvd2HB7mP7OK8Ju\/zZYibR1Ngp0E\" rel=\"noreferrer noopener\" target=\"_blank\">www.corrientesplay.ar<\/a>&nbsp;y EducaPlay. Adem\u00e1s, el Gobierno de la Provincia financi\u00f3 el viaje educativo y recreativo para los ganadores.<\/p>\n\n\n\n<p>El formato del programa combina un certamen de preguntas y respuestas, un concurso por premios y entretenimiento en streaming. Los participantes se prepararon utilizando la plataforma \u201cEducaPlay\u201d, una herramienta para la creaci\u00f3n de actividades educativas multimedia que les permiti\u00f3 entrenarse de manera competitiva para el desaf\u00edo.<\/p>\n\n\n\n<p>La gran final enfrent\u00f3 a la Escuela \u201cMiguel \u00c1ngel Gim\u00e9nez\u201d de Paso de la Patria contra la Escuela Normal Dr. Juan Pujol de Capital. Los estudiantes Jos\u00e9 Emmanuel Malviral, Leonel Facundo Romero y Manuel Benjam\u00edn Col\u00e1s se alzaron como campeones, obteniendo como premio un viaje a Villa Carlos Paz para todo el curso, con todos los gastos cubiertos.<\/p>\n\n\n\n<p><strong>Datos destacados de \u201cAprobados\u201d 2024<\/strong>:<\/p>\n\n\n\n<ul class=\"wp-block-list\">\n<li><strong>Participantes<\/strong>: 12 colegios.<\/li>\n\n\n\n<li><strong>Alumnos competidores<\/strong>: 37.<\/li>\n\n\n\n<li><strong>Reproducciones en YouTube<\/strong>: 167.769 en el canal de \u201cByStreamers\u201d.<\/li>\n\n\n\n<li><strong>Alcance en Instagram<\/strong>: 125.363.195 impresiones.<\/li>\n<\/ul>\n\n\n\n<p>Este programa no solo ha logrado fomentar el aprendizaje y la sana competencia entre los estudiantes, sino que tambi\u00e9n ha demostrado ser un \u00e9xito en t\u00e9rminos de audiencia y engagement en redes sociales, consolid\u00e1ndose como un referente en el \u00e1mbito educativo y de entretenimiento.<\/p>\n\n\n\n<figure class=\"wp-block-image size-large\"><img loading=\"lazy\" decoding=\"async\" width=\"768\" height=\"1024\" src=\"https:\/\/corrientesdetarde.com\/wp-content\/uploads\/2025\/01\/image-597-768x1024.png\" alt=\"\" class=\"wp-image-187168\" srcset=\"https:\/\/corrientesdetarde.com\/wp-content\/uploads\/2025\/01\/image-597-768x1024.png 768w, https:\/\/corrientesdetarde.com\/wp-content\/uploads\/2025\/01\/image-597-225x300.png 225w, https:\/\/corrientesdetarde.com\/wp-content\/uploads\/2025\/01\/image-597-1152x1536.png 1152w, https:\/\/corrientesdetarde.com\/wp-content\/uploads\/2025\/01\/image-597.png 1200w\" sizes=\"auto, (max-width: 768px) 100vw, 768px\" \/><\/figure>\n\n\n\n<figure class=\"wp-block-image size-large\"><img loading=\"lazy\" decoding=\"async\" width=\"768\" height=\"1024\" src=\"https:\/\/corrientesdetarde.com\/wp-content\/uploads\/2025\/01\/image-598-768x1024.png\" alt=\"\" class=\"wp-image-187169\" srcset=\"https:\/\/corrientesdetarde.com\/wp-content\/uploads\/2025\/01\/image-598-768x1024.png 768w, https:\/\/corrientesdetarde.com\/wp-content\/uploads\/2025\/01\/image-598-225x300.png 225w, https:\/\/corrientesdetarde.com\/wp-content\/uploads\/2025\/01\/image-598-1152x1536.png 1152w, https:\/\/corrientesdetarde.com\/wp-content\/uploads\/2025\/01\/image-598.png 1200w\" sizes=\"auto, (max-width: 768px) 100vw, 768px\" \/><\/figure>\n\n\n\n<figure class=\"wp-block-image size-large\"><img loading=\"lazy\" decoding=\"async\" width=\"1024\" height=\"768\" src=\"https:\/\/corrientesdetarde.com\/wp-content\/uploads\/2025\/01\/image-599-1024x768.png\" alt=\"\" class=\"wp-image-187170\" srcset=\"https:\/\/corrientesdetarde.com\/wp-content\/uploads\/2025\/01\/image-599-1024x768.png 1024w, https:\/\/corrientesdetarde.com\/wp-content\/uploads\/2025\/01\/image-599-300x225.png 300w, https:\/\/corrientesdetarde.com\/wp-content\/uploads\/2025\/01\/image-599-768x576.png 768w, https:\/\/corrientesdetarde.com\/wp-content\/uploads\/2025\/01\/image-599-1536x1152.png 1536w, https:\/\/corrientesdetarde.com\/wp-content\/uploads\/2025\/01\/image-599.png 1600w\" sizes=\"auto, (max-width: 1024px) 100vw, 1024px\" \/><\/figure>\n\n\n\n<figure class=\"wp-block-image size-large\"><img loading=\"lazy\" decoding=\"async\" width=\"768\" height=\"1024\" src=\"https:\/\/corrientesdetarde.com\/wp-content\/uploads\/2025\/01\/image-600-768x1024.png\" alt=\"\" class=\"wp-image-187171\" srcset=\"https:\/\/corrientesdetarde.com\/wp-content\/uploads\/2025\/01\/image-600-768x1024.png 768w, https:\/\/corrientesdetarde.com\/wp-content\/uploads\/2025\/01\/image-600-225x300.png 225w, https:\/\/corrientesdetarde.com\/wp-content\/uploads\/2025\/01\/image-600-1152x1536.png 1152w, https:\/\/corrientesdetarde.com\/wp-content\/uploads\/2025\/01\/image-600.png 1200w\" sizes=\"auto, (max-width: 768px) 100vw, 768px\" \/><\/figure>\n","protected":false},"excerpt":{"rendered":"<p>Los alumnos de la Escuela \u201cMiguel \u00c1ngel Gim\u00e9nez\u201d, de Paso de la Patria, que en diciembre pasado se coronaron como los primeros campeones del programa \u201cAprobados\u201d, disfrutan actualmente de su&hellip; <\/p>\n","protected":false},"author":8,"featured_media":187171,"comment_status":"closed","ping_status":"open","sticky":false,"template":"","format":"standard","meta":{"footnotes":""},"categories":[26,32],"tags":[],"class_list":["post-187167","post","type-post","status-publish","format-standard","has-post-thumbnail","hentry","category-destacados","category-educacion"],"_links":{"self":[{"href":"https:\/\/corrientesdetarde.com\/index.php\/wp-json\/wp\/v2\/posts\/187167","targetHints":{"allow":["GET"]}}],"collection":[{"href":"https:\/\/corrientesdetarde.com\/index.php\/wp-json\/wp\/v2\/posts"}],"about":[{"href":"https:\/\/corrientesdetarde.com\/index.php\/wp-json\/wp\/v2\/types\/post"}],"author":[{"embeddable":true,"href":"https:\/\/corrientesdetarde.com\/index.php\/wp-json\/wp\/v2\/users\/8"}],"replies":[{"embeddable":true,"href":"https:\/\/corrientesdetarde.com\/index.php\/wp-json\/wp\/v2\/comments?post=187167"}],"version-history":[{"count":1,"href":"https:\/\/corrientesdetarde.com\/index.php\/wp-json\/wp\/v2\/posts\/187167\/revisions"}],"predecessor-version":[{"id":187172,"href":"https:\/\/corrientesdetarde.com\/index.php\/wp-json\/wp\/v2\/posts\/187167\/revisions\/187172"}],"wp:featuredmedia":[{"embeddable":true,"href":"https:\/\/corrientesdetarde.com\/index.php\/wp-json\/wp\/v2\/media\/187171"}],"wp:attachment":[{"href":"https:\/\/corrientesdetarde.com\/index.php\/wp-json\/wp\/v2\/media?parent=187167"}],"wp:term":[{"taxonomy":"category","embeddable":true,"href":"https:\/\/corrientesdetarde.com\/index.php\/wp-json\/wp\/v2\/categories?post=187167"},{"taxonomy":"post_tag","embeddable":true,"href":"https:\/\/corrientesdetarde.com\/index.php\/wp-json\/wp\/v2\/tags?post=187167"}],"curies":[{"name":"wp","href":"https:\/\/api.w.org\/{rel}","templated":true}]}}