{"id":187173,"date":"2025-01-28T13:07:41","date_gmt":"2025-01-28T16:07:41","guid":{"rendered":"https:\/\/corrientesdetarde.com\/?p=187173"},"modified":"2025-01-28T13:07:53","modified_gmt":"2025-01-28T16:07:53","slug":"santa-ana-se-alista-para-la-10-edicion-de-la-fiesta-provincial-del-mango","status":"publish","type":"post","link":"https:\/\/corrientesdetarde.com\/index.php\/eventossociedad\/santa-ana-se-alista-para-la-10-edicion-de-la-fiesta-provincial-del-mango\/","title":{"rendered":"Santa Ana se alista para la 10\u00b0 edici\u00f3n de la Fiesta Provincial del Mango"},"content":{"rendered":"\n<p>Este 31 de enero y 1 de febrero, se realizar\u00e1 en Santa Ana el X Festival Provincial del Mango, con entrada libre y gratuita, en el Polideportivo Municipal, desde las 21.30 horas. La presentaci\u00f3n del evento tuvo lugar este martes en Casa Iber\u00e1 de Capital. El festival se realiza con acompa\u00f1amiento del Gobierno de Corrientes, conforma el calendario tur\u00edstico cultural provincial, es para toda la familia y contribuye al trabajo de emprendedores y a la econom\u00eda local.<\/p>\n\n\n\n<p>El evento es para todo p\u00fablico, donde se podr\u00e1 disfrutar de espect\u00e1culos musicales, un paseo de emprendimientos y comidas y bebidas preparadas con mango.<\/p>\n\n\n\n<p>La intendenta de Santa Ana, Silvana Almir\u00f3n inform\u00f3 durante el acto que los alojamientos de la localidad se encuentran casi completos. \u201cEs un evento en donde todo nuestro pueblo, como una gran familia, se prepara para festejar\u201d.<\/p>\n\n\n\n<p>Entre los n\u00fameros musicales destacados se encuentran Ambo\u00e9, el Padre Zacar\u00edas, Los Reales del Litoral, Diego Guti\u00e9rrez, Los Matu\u00e1 Mercede\u00f1os, Los Chaques y Eclip\u2019c. Adem\u00e1s habr\u00e1 la tradicional elecci\u00f3n de reina<\/p>\n\n\n\n<p>Se podr\u00e1 asistir con silletas y conservadoras, estando prohibido el ingreso con objetos punzo-cortantes.<\/p>\n\n\n\n<p>Durante las noches de festival tambi\u00e9n se fomentar\u00e1n pr\u00e1cticas sostenibles y separaci\u00f3n de residuos para reciclado: &#8220;buscamos que el festival, como evento masivo, aporte a la educaci\u00f3n ambiental y a la econom\u00eda circular, que se puedan crear nuevos productos y emprendimientos\u201d, destac\u00f3 Almir\u00f3n.<\/p>\n\n\n\n<p>\u201cEste tipo de festivales tienen la particularidad de poder conjugar la producci\u00f3n, la gastronom\u00eda y la m\u00fasica\u201d, expres\u00f3 la ministra de Turismo provincial, Alejandra Eliciri.<\/p>\n\n\n\n<p>La funcionaria celebr\u00f3 el trabajo conjunto entre Provincia y los municipios en materia tur\u00edstica, porque \u201ces un sector que tiene un potencial enorme y a\u00f1o a a\u00f1o nos vamos posicionando a nivel nacional, en eso influyen mucho las fiestas en cada una de las localidades\u201d.<\/p>\n\n\n\n<figure class=\"wp-block-image size-large\"><img loading=\"lazy\" decoding=\"async\" width=\"1024\" height=\"682\" src=\"https:\/\/corrientesdetarde.com\/wp-content\/uploads\/2025\/01\/image-601-1024x682.png\" alt=\"\" class=\"wp-image-187174\" srcset=\"https:\/\/corrientesdetarde.com\/wp-content\/uploads\/2025\/01\/image-601-1024x682.png 1024w, https:\/\/corrientesdetarde.com\/wp-content\/uploads\/2025\/01\/image-601-300x200.png 300w, https:\/\/corrientesdetarde.com\/wp-content\/uploads\/2025\/01\/image-601-768x512.png 768w, https:\/\/corrientesdetarde.com\/wp-content\/uploads\/2025\/01\/image-601-1536x1023.png 1536w, https:\/\/corrientesdetarde.com\/wp-content\/uploads\/2025\/01\/image-601.png 1600w\" sizes=\"auto, (max-width: 1024px) 100vw, 1024px\" \/><\/figure>\n\n\n\n<figure class=\"wp-block-image size-large\"><img loading=\"lazy\" decoding=\"async\" width=\"1024\" height=\"682\" src=\"https:\/\/corrientesdetarde.com\/wp-content\/uploads\/2025\/01\/image-602-1024x682.png\" alt=\"\" class=\"wp-image-187175\" srcset=\"https:\/\/corrientesdetarde.com\/wp-content\/uploads\/2025\/01\/image-602-1024x682.png 1024w, https:\/\/corrientesdetarde.com\/wp-content\/uploads\/2025\/01\/image-602-300x200.png 300w, https:\/\/corrientesdetarde.com\/wp-content\/uploads\/2025\/01\/image-602-768x512.png 768w, https:\/\/corrientesdetarde.com\/wp-content\/uploads\/2025\/01\/image-602-1536x1023.png 1536w, https:\/\/corrientesdetarde.com\/wp-content\/uploads\/2025\/01\/image-602.png 1600w\" sizes=\"auto, (max-width: 1024px) 100vw, 1024px\" \/><\/figure>\n\n\n\n<figure class=\"wp-block-image size-large\"><img loading=\"lazy\" decoding=\"async\" width=\"1024\" height=\"682\" src=\"https:\/\/corrientesdetarde.com\/wp-content\/uploads\/2025\/01\/image-603-1024x682.png\" alt=\"\" class=\"wp-image-187176\" srcset=\"https:\/\/corrientesdetarde.com\/wp-content\/uploads\/2025\/01\/image-603-1024x682.png 1024w, https:\/\/corrientesdetarde.com\/wp-content\/uploads\/2025\/01\/image-603-300x200.png 300w, https:\/\/corrientesdetarde.com\/wp-content\/uploads\/2025\/01\/image-603-768x512.png 768w, https:\/\/corrientesdetarde.com\/wp-content\/uploads\/2025\/01\/image-603-1536x1023.png 1536w, https:\/\/corrientesdetarde.com\/wp-content\/uploads\/2025\/01\/image-603.png 1600w\" sizes=\"auto, (max-width: 1024px) 100vw, 1024px\" \/><\/figure>\n\n\n\n<figure class=\"wp-block-image size-large\"><img loading=\"lazy\" decoding=\"async\" width=\"1024\" height=\"682\" src=\"https:\/\/corrientesdetarde.com\/wp-content\/uploads\/2025\/01\/image-604-1024x682.png\" alt=\"\" class=\"wp-image-187177\" srcset=\"https:\/\/corrientesdetarde.com\/wp-content\/uploads\/2025\/01\/image-604-1024x682.png 1024w, https:\/\/corrientesdetarde.com\/wp-content\/uploads\/2025\/01\/image-604-300x200.png 300w, https:\/\/corrientesdetarde.com\/wp-content\/uploads\/2025\/01\/image-604-768x512.png 768w, https:\/\/corrientesdetarde.com\/wp-content\/uploads\/2025\/01\/image-604-1536x1023.png 1536w, https:\/\/corrientesdetarde.com\/wp-content\/uploads\/2025\/01\/image-604.png 1600w\" sizes=\"auto, (max-width: 1024px) 100vw, 1024px\" \/><\/figure>\n\n\n\n<figure class=\"wp-block-image size-large\"><img loading=\"lazy\" decoding=\"async\" width=\"1024\" height=\"682\" src=\"https:\/\/corrientesdetarde.com\/wp-content\/uploads\/2025\/01\/image-605-1024x682.png\" alt=\"\" class=\"wp-image-187178\" srcset=\"https:\/\/corrientesdetarde.com\/wp-content\/uploads\/2025\/01\/image-605-1024x682.png 1024w, https:\/\/corrientesdetarde.com\/wp-content\/uploads\/2025\/01\/image-605-300x200.png 300w, https:\/\/corrientesdetarde.com\/wp-content\/uploads\/2025\/01\/image-605-768x512.png 768w, https:\/\/corrientesdetarde.com\/wp-content\/uploads\/2025\/01\/image-605-1536x1023.png 1536w, https:\/\/corrientesdetarde.com\/wp-content\/uploads\/2025\/01\/image-605.png 1600w\" sizes=\"auto, (max-width: 1024px) 100vw, 1024px\" \/><\/figure>\n\n\n\n<figure class=\"wp-block-image size-large\"><img loading=\"lazy\" decoding=\"async\" width=\"1024\" height=\"682\" src=\"https:\/\/corrientesdetarde.com\/wp-content\/uploads\/2025\/01\/image-606-1024x682.png\" alt=\"\" class=\"wp-image-187179\" srcset=\"https:\/\/corrientesdetarde.com\/wp-content\/uploads\/2025\/01\/image-606-1024x682.png 1024w, https:\/\/corrientesdetarde.com\/wp-content\/uploads\/2025\/01\/image-606-300x200.png 300w, https:\/\/corrientesdetarde.com\/wp-content\/uploads\/2025\/01\/image-606-768x512.png 768w, https:\/\/corrientesdetarde.com\/wp-content\/uploads\/2025\/01\/image-606-1536x1023.png 1536w, https:\/\/corrientesdetarde.com\/wp-content\/uploads\/2025\/01\/image-606.png 1600w\" sizes=\"auto, (max-width: 1024px) 100vw, 1024px\" \/><\/figure>\n\n\n\n<figure class=\"wp-block-image size-large\"><img loading=\"lazy\" decoding=\"async\" width=\"1024\" height=\"682\" src=\"https:\/\/corrientesdetarde.com\/wp-content\/uploads\/2025\/01\/image-607-1024x682.png\" alt=\"\" class=\"wp-image-187180\" srcset=\"https:\/\/corrientesdetarde.com\/wp-content\/uploads\/2025\/01\/image-607-1024x682.png 1024w, https:\/\/corrientesdetarde.com\/wp-content\/uploads\/2025\/01\/image-607-300x200.png 300w, https:\/\/corrientesdetarde.com\/wp-content\/uploads\/2025\/01\/image-607-768x512.png 768w, https:\/\/corrientesdetarde.com\/wp-content\/uploads\/2025\/01\/image-607-1536x1023.png 1536w, https:\/\/corrientesdetarde.com\/wp-content\/uploads\/2025\/01\/image-607.png 1600w\" sizes=\"auto, (max-width: 1024px) 100vw, 1024px\" \/><\/figure>\n\n\n\n<figure class=\"wp-block-image size-large\"><img loading=\"lazy\" decoding=\"async\" width=\"1024\" height=\"682\" src=\"https:\/\/corrientesdetarde.com\/wp-content\/uploads\/2025\/01\/image-608-1024x682.png\" alt=\"\" class=\"wp-image-187181\" srcset=\"https:\/\/corrientesdetarde.com\/wp-content\/uploads\/2025\/01\/image-608-1024x682.png 1024w, https:\/\/corrientesdetarde.com\/wp-content\/uploads\/2025\/01\/image-608-300x200.png 300w, https:\/\/corrientesdetarde.com\/wp-content\/uploads\/2025\/01\/image-608-768x512.png 768w, https:\/\/corrientesdetarde.com\/wp-content\/uploads\/2025\/01\/image-608-1536x1023.png 1536w, https:\/\/corrientesdetarde.com\/wp-content\/uploads\/2025\/01\/image-608.png 1600w\" sizes=\"auto, (max-width: 1024px) 100vw, 1024px\" \/><\/figure>\n\n\n\n<figure class=\"wp-block-image size-large\"><img loading=\"lazy\" decoding=\"async\" width=\"1024\" height=\"682\" src=\"https:\/\/corrientesdetarde.com\/wp-content\/uploads\/2025\/01\/image-609-1024x682.png\" alt=\"\" class=\"wp-image-187182\" srcset=\"https:\/\/corrientesdetarde.com\/wp-content\/uploads\/2025\/01\/image-609-1024x682.png 1024w, https:\/\/corrientesdetarde.com\/wp-content\/uploads\/2025\/01\/image-609-300x200.png 300w, https:\/\/corrientesdetarde.com\/wp-content\/uploads\/2025\/01\/image-609-768x512.png 768w, https:\/\/corrientesdetarde.com\/wp-content\/uploads\/2025\/01\/image-609-1536x1023.png 1536w, https:\/\/corrientesdetarde.com\/wp-content\/uploads\/2025\/01\/image-609.png 1600w\" sizes=\"auto, (max-width: 1024px) 100vw, 1024px\" \/><\/figure>\n\n\n\n<figure class=\"wp-block-image size-large\"><img loading=\"lazy\" decoding=\"async\" width=\"1024\" height=\"691\" src=\"https:\/\/corrientesdetarde.com\/wp-content\/uploads\/2025\/01\/image-610-1024x691.png\" alt=\"\" class=\"wp-image-187183\" srcset=\"https:\/\/corrientesdetarde.com\/wp-content\/uploads\/2025\/01\/image-610-1024x691.png 1024w, https:\/\/corrientesdetarde.com\/wp-content\/uploads\/2025\/01\/image-610-300x202.png 300w, https:\/\/corrientesdetarde.com\/wp-content\/uploads\/2025\/01\/image-610-768x518.png 768w, https:\/\/corrientesdetarde.com\/wp-content\/uploads\/2025\/01\/image-610.png 1496w\" sizes=\"auto, (max-width: 1024px) 100vw, 1024px\" \/><\/figure>\n","protected":false},"excerpt":{"rendered":"<p>Este 31 de enero y 1 de febrero, se realizar\u00e1 en Santa Ana el X Festival Provincial del Mango, con entrada libre y gratuita, en el Polideportivo Municipal, desde las&hellip; <\/p>\n","protected":false},"author":8,"featured_media":187178,"comment_status":"closed","ping_status":"open","sticky":false,"template":"","format":"standard","meta":{"footnotes":""},"categories":[1208],"tags":[],"class_list":["post-187173","post","type-post","status-publish","format-standard","has-post-thumbnail","hentry","category-eventossociedad"],"_links":{"self":[{"href":"https:\/\/corrientesdetarde.com\/index.php\/wp-json\/wp\/v2\/posts\/187173","targetHints":{"allow":["GET"]}}],"collection":[{"href":"https:\/\/corrientesdetarde.com\/index.php\/wp-json\/wp\/v2\/posts"}],"about":[{"href":"https:\/\/corrientesdetarde.com\/index.php\/wp-json\/wp\/v2\/types\/post"}],"author":[{"embeddable":true,"href":"https:\/\/corrientesdetarde.com\/index.php\/wp-json\/wp\/v2\/users\/8"}],"replies":[{"embeddable":true,"href":"https:\/\/corrientesdetarde.com\/index.php\/wp-json\/wp\/v2\/comments?post=187173"}],"version-history":[{"count":1,"href":"https:\/\/corrientesdetarde.com\/index.php\/wp-json\/wp\/v2\/posts\/187173\/revisions"}],"predecessor-version":[{"id":187184,"href":"https:\/\/corrientesdetarde.com\/index.php\/wp-json\/wp\/v2\/posts\/187173\/revisions\/187184"}],"wp:featuredmedia":[{"embeddable":true,"href":"https:\/\/corrientesdetarde.com\/index.php\/wp-json\/wp\/v2\/media\/187178"}],"wp:attachment":[{"href":"https:\/\/corrientesdetarde.com\/index.php\/wp-json\/wp\/v2\/media?parent=187173"}],"wp:term":[{"taxonomy":"category","embeddable":true,"href":"https:\/\/corrientesdetarde.com\/index.php\/wp-json\/wp\/v2\/categories?post=187173"},{"taxonomy":"post_tag","embeddable":true,"href":"https:\/\/corrientesdetarde.com\/index.php\/wp-json\/wp\/v2\/tags?post=187173"}],"curies":[{"name":"wp","href":"https:\/\/api.w.org\/{rel}","templated":true}]}}