{"id":187185,"date":"2025-01-28T13:45:33","date_gmt":"2025-01-28T16:45:33","guid":{"rendered":"https:\/\/corrientesdetarde.com\/?p=187185"},"modified":"2025-01-28T13:45:41","modified_gmt":"2025-01-28T16:45:41","slug":"a-semanas-del-inicio-de-clases-avanzan-las-obras-en-900-escuelas-de-corrientes","status":"publish","type":"post","link":"https:\/\/corrientesdetarde.com\/index.php\/informacion-general\/a-semanas-del-inicio-de-clases-avanzan-las-obras-en-900-escuelas-de-corrientes\/","title":{"rendered":"A semanas del inicio de clases, avanzan las obras en 900 escuelas de Corrientes"},"content":{"rendered":"\n<p>El Gobierno de Corrientes a trav\u00e9s del Ministerio de Educaci\u00f3n avanza con obras de refacci\u00f3n en casi 900 establecimientos escolares de Capital y del interior. De esta manera la provincia se prepara para el inicio del ciclo lectivo 2025, previsto para el 24 de febrero.<\/p>\n\n\n\n<p>El subsecretario de Infraestructura Escolar de la cartera educativa provincial, Emilio Breard confirmo que se est\u00e1n realizando trabajos de mantenimiento en establecimientos escolares de toda la provincia. \u201cSon casi 900 escuelas y los arreglos incluyen desmalezamiento, limpieza de canaleta, ca\u00f1er\u00eda, vidrios, pintura, picaportes y ba\u00f1os entre otras cosas\u201d, dijo el funcionario quien adem\u00e1s adelant\u00f3 que para este a\u00f1o se prev\u00e9 la finalizaci\u00f3n de la Escuela Juan Domingo Per\u00f3n: \u201cVa a ser la escuela m\u00e1s grande de Corrientes\u201d, asegur\u00f3 y agreg\u00f3 que otras escuelas en las que se est\u00e1 trabajando son la T\u00e9cnica de Ituzaing\u00f3, la Escuela T\u00e9cnica de Santa Rosa y se prev\u00e9 la terminaci\u00f3n de la Escuela Primaria del Barrio Ponce.<\/p>\n\n\n\n<p>En la capital, las escuelas en las que se est\u00e1 avanzando actualmente con miras al inicio de clases son la Agop Seferian, Escuela N\u00b0280, Escuela N\u00b0356, Escuela N\u00b0 444, Escuela N\u00b0 34, Escuela N\u00b0 4, Escuela Tobar Garc\u00eda, Escuela N\u00b0599, Escuela N\u00b0 375, Escuela Irigoyen y Escuela Centenario<\/p>\n\n\n\n<figure class=\"wp-block-image size-large\"><img loading=\"lazy\" decoding=\"async\" width=\"1024\" height=\"682\" src=\"https:\/\/corrientesdetarde.com\/wp-content\/uploads\/2025\/01\/image-612-1024x682.png\" alt=\"\" class=\"wp-image-187187\" srcset=\"https:\/\/corrientesdetarde.com\/wp-content\/uploads\/2025\/01\/image-612-1024x682.png 1024w, https:\/\/corrientesdetarde.com\/wp-content\/uploads\/2025\/01\/image-612-300x200.png 300w, https:\/\/corrientesdetarde.com\/wp-content\/uploads\/2025\/01\/image-612-768x512.png 768w, https:\/\/corrientesdetarde.com\/wp-content\/uploads\/2025\/01\/image-612.png 1280w\" sizes=\"auto, (max-width: 1024px) 100vw, 1024px\" \/><\/figure>\n\n\n\n<figure class=\"wp-block-image size-large\"><img loading=\"lazy\" decoding=\"async\" width=\"1024\" height=\"682\" src=\"https:\/\/corrientesdetarde.com\/wp-content\/uploads\/2025\/01\/image-613-1024x682.png\" alt=\"\" class=\"wp-image-187188\" srcset=\"https:\/\/corrientesdetarde.com\/wp-content\/uploads\/2025\/01\/image-613-1024x682.png 1024w, https:\/\/corrientesdetarde.com\/wp-content\/uploads\/2025\/01\/image-613-300x200.png 300w, https:\/\/corrientesdetarde.com\/wp-content\/uploads\/2025\/01\/image-613-768x512.png 768w, https:\/\/corrientesdetarde.com\/wp-content\/uploads\/2025\/01\/image-613.png 1280w\" sizes=\"auto, (max-width: 1024px) 100vw, 1024px\" \/><\/figure>\n\n\n\n<figure class=\"wp-block-image size-large\"><img loading=\"lazy\" decoding=\"async\" width=\"1024\" height=\"682\" src=\"https:\/\/corrientesdetarde.com\/wp-content\/uploads\/2025\/01\/image-614-1024x682.png\" alt=\"\" class=\"wp-image-187189\" srcset=\"https:\/\/corrientesdetarde.com\/wp-content\/uploads\/2025\/01\/image-614-1024x682.png 1024w, https:\/\/corrientesdetarde.com\/wp-content\/uploads\/2025\/01\/image-614-300x200.png 300w, https:\/\/corrientesdetarde.com\/wp-content\/uploads\/2025\/01\/image-614-768x512.png 768w, https:\/\/corrientesdetarde.com\/wp-content\/uploads\/2025\/01\/image-614.png 1280w\" sizes=\"auto, (max-width: 1024px) 100vw, 1024px\" \/><\/figure>\n","protected":false},"excerpt":{"rendered":"<p>El Gobierno de Corrientes a trav\u00e9s del Ministerio de Educaci\u00f3n avanza con obras de refacci\u00f3n en casi 900 establecimientos escolares de Capital y del interior. De esta manera la provincia&hellip; <\/p>\n","protected":false},"author":8,"featured_media":187186,"comment_status":"closed","ping_status":"open","sticky":false,"template":"","format":"standard","meta":{"footnotes":""},"categories":[1],"tags":[],"class_list":["post-187185","post","type-post","status-publish","format-standard","has-post-thumbnail","hentry","category-informacion-general"],"_links":{"self":[{"href":"https:\/\/corrientesdetarde.com\/index.php\/wp-json\/wp\/v2\/posts\/187185","targetHints":{"allow":["GET"]}}],"collection":[{"href":"https:\/\/corrientesdetarde.com\/index.php\/wp-json\/wp\/v2\/posts"}],"about":[{"href":"https:\/\/corrientesdetarde.com\/index.php\/wp-json\/wp\/v2\/types\/post"}],"author":[{"embeddable":true,"href":"https:\/\/corrientesdetarde.com\/index.php\/wp-json\/wp\/v2\/users\/8"}],"replies":[{"embeddable":true,"href":"https:\/\/corrientesdetarde.com\/index.php\/wp-json\/wp\/v2\/comments?post=187185"}],"version-history":[{"count":1,"href":"https:\/\/corrientesdetarde.com\/index.php\/wp-json\/wp\/v2\/posts\/187185\/revisions"}],"predecessor-version":[{"id":187190,"href":"https:\/\/corrientesdetarde.com\/index.php\/wp-json\/wp\/v2\/posts\/187185\/revisions\/187190"}],"wp:featuredmedia":[{"embeddable":true,"href":"https:\/\/corrientesdetarde.com\/index.php\/wp-json\/wp\/v2\/media\/187186"}],"wp:attachment":[{"href":"https:\/\/corrientesdetarde.com\/index.php\/wp-json\/wp\/v2\/media?parent=187185"}],"wp:term":[{"taxonomy":"category","embeddable":true,"href":"https:\/\/corrientesdetarde.com\/index.php\/wp-json\/wp\/v2\/categories?post=187185"},{"taxonomy":"post_tag","embeddable":true,"href":"https:\/\/corrientesdetarde.com\/index.php\/wp-json\/wp\/v2\/tags?post=187185"}],"curies":[{"name":"wp","href":"https:\/\/api.w.org\/{rel}","templated":true}]}}