{"id":187195,"date":"2025-01-28T13:50:50","date_gmt":"2025-01-28T16:50:50","guid":{"rendered":"https:\/\/corrientesdetarde.com\/?p=187195"},"modified":"2025-01-28T13:51:05","modified_gmt":"2025-01-28T16:51:05","slug":"en-medio-de-la-tension-con-bolivia-el-gobierno-anuncio-que-reforzara-los-controles-en-la-frontera-con-brasil","status":"publish","type":"post","link":"https:\/\/corrientesdetarde.com\/index.php\/politica\/en-medio-de-la-tension-con-bolivia-el-gobierno-anuncio-que-reforzara-los-controles-en-la-frontera-con-brasil\/","title":{"rendered":"En medio de la tensi\u00f3n con Bolivia, el Gobierno anunci\u00f3 que reforzar\u00e1 los controles en la frontera con Brasil"},"content":{"rendered":"\n<p>Patricia Bullrich asegur\u00f3 que la construcci\u00f3n del alambrado entre Salta y Bolivia es solo la primera de las medidas de vigilancia.<\/p>\n\n\n\n<p>En medio de la creciente\u00a0<strong>tensi\u00f3n diplom\u00e1tica<\/strong>\u00a0por la construcci\u00f3n de un\u00a0<strong>cerco\u00a0<\/strong>en el l\u00edmite de\u00a0<strong>Salta con Bolivia<\/strong>, la ministra de Seguridad,\u00a0<strong>Patricia Bullrich<\/strong>, anunci\u00f3 que tambi\u00e9n\u00a0<strong>reforzar\u00e1n los controles<\/strong>\u00a0en la\u00a0<strong>frontera con Brasil\u00a0<\/strong>y el resto de los pa\u00edses lim\u00edtrofes.<\/p>\n\n\n\n<p>\u201c<strong>Vamos a ir en orden<\/strong>. Ahora hicimos Aguas Blancas (Salta\/Bermejo), despu\u00e9s vamos a ir a la\u00a0<strong>Triple Frontera<\/strong>, que la tenemos controlada hace mucho tiempo y vamos a ir los\u00a0<strong>l\u00edmites de Misiones con Brasil<\/strong>, donde tenemos un problema muy serio. Es una frontera que\u00a0<strong>se pasa caminando en muchos lugares\u00a0<\/strong>y en donde hemos tenido\u00a0<strong>sicariatos y problemas<\/strong>\u201d, dijo Bullrich, aunque\u00a0<strong>descart\u00f3 por ahora la construcci\u00f3n de nuevos cercos<\/strong>, como ocurrir\u00e1 con el denominado <strong>Plan G\u00fcemes<\/strong>\u00a0entre Salta y Bolivia.<\/p>\n\n\n\n<p>En declaraciones a&nbsp;<em>radio Mitre<\/em>, la funcionaria anticip\u00f3 adem\u00e1s que implementar\u00e1n&nbsp;<strong>vigilancia con tecnolog\u00eda en la frontera de Formosa con Paraguay<\/strong>&nbsp;y denunci\u00f3 que los&nbsp;<strong>drones&nbsp;<\/strong>que se hab\u00edan comprado durante la presidencia de Mauricio Macri para realizar controles fronterizos se&nbsp;<strong>oxidaron<\/strong>&nbsp;por no haber sido utilizados durante la gesti\u00f3n de&nbsp;<strong>Alberto Fern\u00e1ndez<\/strong>.<\/p>\n\n\n\n<p>\u201cLos estamos&nbsp;<strong>arreglando para tener un control total<\/strong>&nbsp;de esa franja fronteriza. Tenemos mucha Gendarmer\u00eda, patrulla permanente y necesitamos esta tecnolog\u00eda para custodiar no s\u00f3lo la triple frontera con Brasil, sino zonas como&nbsp;<strong>Bernardo de Irigoyen<\/strong>, donde la ciudad est\u00e1 totalmente integrada, y&nbsp;<strong>Salvador Mazza<\/strong>, donde estamos haciendo un plan integral\u201d, sum\u00f3.<\/p>\n\n\n\n<p>En tanto, en otra entrevista , Bullrich defendi\u00f3 la decisi\u00f3n de colocar un\u00a0<strong>alambrado de 200 metros<\/strong>\u00a0en la zona fronteriza de Aguas Blancas, en Salta, y sostuvo que\u00a0<strong>\u201ces el punto m\u00e1s \u00e1lgido de entrada de coca\u00edna al pa\u00eds\u201d<\/strong>.<\/p>\n\n\n\n<p>\u201c<strong>Est\u00e1 cuidando una frontera muy caliente, por donde m\u00e1s coca\u00edna entra en la Argentina<\/strong>. Es un paso fronterizo en el que hab\u00eda absoluto descontrol y en el \u00faltimo tiempo se hab\u00eda asentado el crimen organizado, mediante bandas, con muertes de sicarios\u201d, resalt\u00f3.<\/p>\n\n\n\n<p>La ministra sostuvo que \u201chay un lugar en la ciudad que tiene una&nbsp;<strong>pared muy peque\u00f1a<\/strong>, la cual saltan, y eso genera un descontrol\u201d y que \u201cse decidi\u00f3 poner una cerca para&nbsp;<strong>evitar que puedan cruzar<\/strong>&nbsp;y, as\u00ed, cuidar a la poblaci\u00f3n\u201d.<\/p>\n\n\n\n<p>\u201cEl problema ah\u00ed era el ladr\u00f3n cuidando a las gallinas. Tras asentarnos bien en Rosario tomamos la decisi\u00f3n de armar el plan con la provincia de Salta y el interventor de Aguas Blancas,&nbsp;<strong>Adri\u00e1n Zigar\u00e1n<\/strong>. Imaginen que el intendente &#8211;<strong>Carlos Mart\u00ednez<\/strong>&#8211; est\u00e1 con una causa por narcotr\u00e1fico. Llevamos polic\u00eda, Prefectura Naval y Gendarmer\u00eda para cuidar el r\u00edo y terminamos con los pasos ilegales.<strong>&nbsp;Hoy hay muy poca gente que pasa ilegalmente\u201d<\/strong>, afirm\u00f3.<\/p>\n\n\n\n<p>El Plan G\u00fcemes tiene dos ejes principales: por un lado, el despliegue de 300 efectivos de fuerzas federales en determinadas \u00e1reas, con \u00e9nfasis en el&nbsp;<strong>R\u00edo Bermejo y la Ruta Nacional 34,&nbsp;<\/strong>conocida como la \u201cRuta de la Droga\u201d. Adem\u00e1s, una estrategia de Abordaje Criminal Conjunta, con&nbsp;<strong>coordinaci\u00f3n de esfuerzos entre fuerzas federales, provinciales y el Poder Judicial,<\/strong>&nbsp;incluyendo la colaboraci\u00f3n con el Ministerio P\u00fablico Fiscal, PROCUNAR y PROCELAC.<\/p>\n","protected":false},"excerpt":{"rendered":"<p>Patricia Bullrich asegur\u00f3 que la construcci\u00f3n del alambrado entre Salta y Bolivia es solo la primera de las medidas de vigilancia. En medio de la creciente\u00a0tensi\u00f3n diplom\u00e1tica\u00a0por la construcci\u00f3n de&hellip; <\/p>\n","protected":false},"author":8,"featured_media":187196,"comment_status":"closed","ping_status":"open","sticky":false,"template":"","format":"standard","meta":{"footnotes":""},"categories":[3],"tags":[],"class_list":["post-187195","post","type-post","status-publish","format-standard","has-post-thumbnail","hentry","category-politica"],"_links":{"self":[{"href":"https:\/\/corrientesdetarde.com\/index.php\/wp-json\/wp\/v2\/posts\/187195","targetHints":{"allow":["GET"]}}],"collection":[{"href":"https:\/\/corrientesdetarde.com\/index.php\/wp-json\/wp\/v2\/posts"}],"about":[{"href":"https:\/\/corrientesdetarde.com\/index.php\/wp-json\/wp\/v2\/types\/post"}],"author":[{"embeddable":true,"href":"https:\/\/corrientesdetarde.com\/index.php\/wp-json\/wp\/v2\/users\/8"}],"replies":[{"embeddable":true,"href":"https:\/\/corrientesdetarde.com\/index.php\/wp-json\/wp\/v2\/comments?post=187195"}],"version-history":[{"count":1,"href":"https:\/\/corrientesdetarde.com\/index.php\/wp-json\/wp\/v2\/posts\/187195\/revisions"}],"predecessor-version":[{"id":187198,"href":"https:\/\/corrientesdetarde.com\/index.php\/wp-json\/wp\/v2\/posts\/187195\/revisions\/187198"}],"wp:featuredmedia":[{"embeddable":true,"href":"https:\/\/corrientesdetarde.com\/index.php\/wp-json\/wp\/v2\/media\/187196"}],"wp:attachment":[{"href":"https:\/\/corrientesdetarde.com\/index.php\/wp-json\/wp\/v2\/media?parent=187195"}],"wp:term":[{"taxonomy":"category","embeddable":true,"href":"https:\/\/corrientesdetarde.com\/index.php\/wp-json\/wp\/v2\/categories?post=187195"},{"taxonomy":"post_tag","embeddable":true,"href":"https:\/\/corrientesdetarde.com\/index.php\/wp-json\/wp\/v2\/tags?post=187195"}],"curies":[{"name":"wp","href":"https:\/\/api.w.org\/{rel}","templated":true}]}}