{"id":187205,"date":"2025-01-28T14:22:07","date_gmt":"2025-01-28T17:22:07","guid":{"rendered":"https:\/\/corrientesdetarde.com\/?p=187205"},"modified":"2025-01-28T14:22:19","modified_gmt":"2025-01-28T17:22:19","slug":"tras-los-dichos-de-milei-en-davos-la-comunidad-lgbt-convoco-a-marchar-este-sabado-a-plaza-de-mayo","status":"publish","type":"post","link":"https:\/\/corrientesdetarde.com\/index.php\/sociales\/tras-los-dichos-de-milei-en-davos-la-comunidad-lgbt-convoco-a-marchar-este-sabado-a-plaza-de-mayo\/","title":{"rendered":"Tras los dichos de Milei en Davos, la comunidad LGBT+ convoc\u00f3 a marchar este s\u00e1bado a Plaza de Mayo"},"content":{"rendered":"\n<p>Distintas organizaciones llamaron a concentrarse frente a la Casa Rosada. Se har\u00e1 bajo el lema \u201cLa vida est\u00e1 en riesgo. Al cl\u00f3set no volvemos nunca m\u00e1s\u201d.<\/p>\n\n\n\n<p>La<strong>\u00a0comunidad LGBTIQ+ convoc\u00f3 a marchar este s\u00e1bado\u00a0<\/strong>desde el Congreso de la Naci\u00f3n a Plaza de Mayo bajo el lema \u201cLa vida est\u00e1 en riesgo. \u00a1Basta! Al closet no volvemos nunca m\u00e1s\u201d. El reclamo de distintas organizaciones llega tras <strong>los\u00a0dichos del presidente Javier Milei en el Foro Econ\u00f3mico de Davos.<\/strong><\/p>\n\n\n\n<p>La convocatoria surgi\u00f3 tras la Asamblea Antifascista que reuni\u00f3 a miles de personas en el Anfiteatro del Parque Lezama.<strong>&nbsp;La concentraci\u00f3n comenzar\u00e1 a las 16&nbsp;<\/strong>y las columnas se movilizar\u00e1n por el microcentro porte\u00f1o, lo que afectar\u00e1 el tr\u00e1nsito.<\/p>\n\n\n\n<p>El encuentro del s\u00e1bado reuni\u00f3 a integrante de sectores que rechazan las pol\u00edticas del Gobierno. Adem\u00e1s de los distintos colectivos LGBTIQ+ tambi\u00e9n estuvieron presentes trabajadores despedidos de la Secretar\u00eda de Derechos Humanos de la Naci\u00f3n, del Hospital Posadas, y del Hospital Laura Bonaparte y del CONICET, entre otros.<\/p>\n\n\n\n<p>En su visita al Foro Econ\u00f3mico Mundial, Milei despleg\u00f3 un fuerte discurso contra la homosexualidad. Habl\u00f3 de la pedofilia, critic\u00f3 la agenda woke y cuestion\u00f3 a los feminismos. Tras ello, desde el Gobierno informaron que impulsar\u00e1n una serie de modificaciones, entre las que se encuentran<strong>\u00a0la eliminaci\u00f3n de la figura del femicidio, el cupo laboral travesti-trans, para personas con discapacidad,<\/strong>\u00a0<strong>derogar la Ley Micaela y sacar el DNI no binario<\/strong>.<\/p>\n\n\n\n<figure class=\"wp-block-image\"><img decoding=\"async\" src=\"https:\/\/tn.com.ar\/resizer\/v2\/la-marcha-fue-convocada-para-este-sabado-1-de-febrero-foto-instagram-cienporcientodiversidad-6BESYYETEVFLBIVPCFZOYJ7ETU.jfif?auth=7aaaebed57ced0d8dc9b707c89bc8de276fb6d4fee16c2b6a383790563fa0034&amp;width=767\" alt=\"La marcha fue convocada para este s\u00e1bado 1\u00b0 de febrero. (Foto: Instagram cienporcientodiversidad)\"\/><\/figure>\n\n\n\n<h2 class=\"wp-block-heading\">A qu\u00e9 hora es la marcha y qu\u00e9 calles estar\u00e1n cortadas<\/h2>\n\n\n\n<p>La Marcha del Orgullo Antifascista y Antirracista LGBTIQ+ est\u00e1 prevista para el&nbsp;<strong>s\u00e1bado 1\u00b0 de febrero a las 16<\/strong>&nbsp;frente al Congreso de la Naci\u00f3n. Desde all\u00ed, partir\u00e1n hacia&nbsp;<strong>Plaza de Mayo<\/strong>, donde finalmente se realizar\u00e1 el acto central.<\/p>\n\n\n\n<p>Las calles que separan los dos puntos de encuentro, Avenida de Mayo, Roca y S\u00e1enz Pe\u00f1a estar\u00e1n afectadas por la movilizaci\u00f3n de gente, por lo que el tr\u00e1nsito en la zona podr\u00eda verse perjudicado.<\/p>\n\n\n\n<p>Sumado a ello, la marcha se replicar\u00e1 en el resto de las provincias.<\/p>\n\n\n\n<p>En un comunicado difundido por las organizaciones convocantes, expresaron la preocupaci\u00f3n y el rechazo a las declaraciones del mandatario. \u201cLas incitaciones al odio que el presidente pronunci\u00f3 en la Conferencia de Davos no son nuevas, pero s\u00ed marcan un antecedente en la radicalidad de su violencia, en su manifiesto deseo de exterminio\u201d, se\u00f1alaron.<\/p>\n\n\n\n<p>Adem\u00e1s, el texto subray\u00f3 la necesidad de generar un di\u00e1logo inclusivo y articular respuestas colectivas frente a lo que se\u00f1alaron como<strong>&nbsp;\u201cun problema colectivo\u201d.<\/strong><\/p>\n","protected":false},"excerpt":{"rendered":"<p>Distintas organizaciones llamaron a concentrarse frente a la Casa Rosada. Se har\u00e1 bajo el lema \u201cLa vida est\u00e1 en riesgo. Al cl\u00f3set no volvemos nunca m\u00e1s\u201d. La\u00a0comunidad LGBTIQ+ convoc\u00f3 a&hellip; <\/p>\n","protected":false},"author":8,"featured_media":187206,"comment_status":"closed","ping_status":"open","sticky":false,"template":"","format":"standard","meta":{"footnotes":""},"categories":[17],"tags":[],"class_list":["post-187205","post","type-post","status-publish","format-standard","has-post-thumbnail","hentry","category-sociales"],"_links":{"self":[{"href":"https:\/\/corrientesdetarde.com\/index.php\/wp-json\/wp\/v2\/posts\/187205","targetHints":{"allow":["GET"]}}],"collection":[{"href":"https:\/\/corrientesdetarde.com\/index.php\/wp-json\/wp\/v2\/posts"}],"about":[{"href":"https:\/\/corrientesdetarde.com\/index.php\/wp-json\/wp\/v2\/types\/post"}],"author":[{"embeddable":true,"href":"https:\/\/corrientesdetarde.com\/index.php\/wp-json\/wp\/v2\/users\/8"}],"replies":[{"embeddable":true,"href":"https:\/\/corrientesdetarde.com\/index.php\/wp-json\/wp\/v2\/comments?post=187205"}],"version-history":[{"count":1,"href":"https:\/\/corrientesdetarde.com\/index.php\/wp-json\/wp\/v2\/posts\/187205\/revisions"}],"predecessor-version":[{"id":187207,"href":"https:\/\/corrientesdetarde.com\/index.php\/wp-json\/wp\/v2\/posts\/187205\/revisions\/187207"}],"wp:featuredmedia":[{"embeddable":true,"href":"https:\/\/corrientesdetarde.com\/index.php\/wp-json\/wp\/v2\/media\/187206"}],"wp:attachment":[{"href":"https:\/\/corrientesdetarde.com\/index.php\/wp-json\/wp\/v2\/media?parent=187205"}],"wp:term":[{"taxonomy":"category","embeddable":true,"href":"https:\/\/corrientesdetarde.com\/index.php\/wp-json\/wp\/v2\/categories?post=187205"},{"taxonomy":"post_tag","embeddable":true,"href":"https:\/\/corrientesdetarde.com\/index.php\/wp-json\/wp\/v2\/tags?post=187205"}],"curies":[{"name":"wp","href":"https:\/\/api.w.org\/{rel}","templated":true}]}}