{"id":187215,"date":"2025-01-28T15:17:28","date_gmt":"2025-01-28T18:17:28","guid":{"rendered":"https:\/\/corrientesdetarde.com\/?p=187215"},"modified":"2025-01-28T15:17:32","modified_gmt":"2025-01-28T18:17:32","slug":"fomentan-la-radicacion-de-empresas-y-el-crecimiento-de-parques-industriales-de-gestion-provincial-y-municipal","status":"publish","type":"post","link":"https:\/\/corrientesdetarde.com\/index.php\/sociales\/fomentan-la-radicacion-de-empresas-y-el-crecimiento-de-parques-industriales-de-gestion-provincial-y-municipal\/","title":{"rendered":"Fomentan la radicaci\u00f3n de empresas y el crecimiento de parques industriales de gesti\u00f3n provincial y municipal"},"content":{"rendered":"\n<p><em>Con una recorrida que incluy\u00f3 la reuni\u00f3n con emprendedores y empresarios de la Capital de la Naranja, Mariel Gabur, Ministra de Industria de la provincia, busca apuntalar la instalaci\u00f3n de nuevas firmas &#8211; algunas de las cuales ya est\u00e1n adheridas al Sello Hecho en Corrientes \u2013 en el predio del Parque Industrial. Los pr\u00f3ximos encuentros est\u00e1n proyectados en la ciudad de Goya.<\/em><\/p>\n\n\n\n<p>La red de parques industriales de Corrientes, con 18 predios entre los que se encuentran funcionando y los que avanzan en su proceso de ejecuci\u00f3n, apunta a \u201cgenerar una sinergia que hace avanzar a la provincia hacia la industrializaci\u00f3n a pasos agigantados\u201d, asegur\u00f3 Mariel Gabur, Ministra de Industria de la provincia, en una reciente visita a la localidad de Bella Vista.<\/p>\n\n\n\n<p>Se trat\u00f3 de una recorrida que incluy\u00f3 en su agenda de trabajo la visita a emprendedores \u2013 algunos de los cuales ya est\u00e1n adheridos al sello Hecho en Corrientes \u2013 y tambi\u00e9n a inversores interesados en radicarse en el predio del Parque Industrial de la localidad, que \u201cya tiene las obras b\u00e1sicas para recibir a las empresas\u201d, apunt\u00f3 la funcionaria.<\/p>\n\n\n\n<p>\u201cEs una responsabilidad que tenemos, encomendada por el gobernador Gustavo Vald\u00e9s, porque \u00e9sta es una de las localidades en la que hemos invertido en un Parque Industrial. Lo que queremos es que los inversores ahora se instalen y empecen a dar el verdadero motor de desarrollo, de generaci\u00f3n de empleo y crecimiento, para cumplir as\u00ed con nuestro proyecto de gobierno\u201d, subray\u00f3 Gabur durante su visita.<\/p>\n\n\n\n<p>La primera de las empresas que recibi\u00f3 a la comitiva oficial de la cartera industrial fue Puerto Banus, una pescader\u00eda que ya integra a las empresas del sello Hecho en Corrientes y que \u201chace un productos tan nobles como el trozado y envasado de pescados. Queremos invitarlos a que se instalen en el Parque, un proyecto en el cu\u00e1l ellos ya ven\u00edan trabajando. Aunque sabemos que la situaci\u00f3n (econ\u00f3mica del pa\u00eds) no es la mejor, nuestros emprendedores apuestan al crecimiento y lleva la imagen de nuestra identidad\u201d, destac\u00f3.<\/p>\n\n\n\n<p>As\u00ed, respecto de la firma Sello Hecho en Corrientes \u2013 que acompa\u00f1\u00f3 en su trabajo de difusi\u00f3n y promoci\u00f3n a m\u00e1s de 200 emprendedores durante 2024 \u2013 la Ministra asegur\u00f3 que se trata de \u201cuna marcha posicionada a nivel nacional e incluso internacional. Desde distintos lugares del mundo nos contactan cuando encuentran productos de alt\u00edsima calidad que integran el Sello, que aporta tambi\u00e9n el agregado de valor cultural de lo que es ser correntino\u201d, sostuvo Gabur.<\/p>\n\n\n\n<p>As\u00ed, con la inversi\u00f3n en infraestructura en los parques industriales, incentivos fiscales y acompa\u00f1amiento, desde la gesti\u00f3n de ese Ministerio buscan \u201cpotenciar a los emprendedores y tambi\u00e9n a las empresas que vienen a invertir en Corrientes, que apuestan a nuestra provincia, para que tengan las mejores condiciones posibles para crecer en esta tierra\u201d, enfatiz\u00f3.<\/p>\n\n\n\n<p><strong>Potenciar todos los parques<\/strong><\/p>\n\n\n\n<p>\u201cEstamos cumpliendo con algunas promesas de visitar industrias y emprendedores que ten\u00edamos pendientes\u201d, explic\u00f3 Gabur, a la vez que indic\u00f3 que otra de las firmas a las que llegar\u00eda con su equipo de trabajo es Agrana Fruit. \u201cSiempre es bueno ver c\u00f3mo las empresas van creciendo y los nuevos proyectos que tienen\u201d, adelant\u00f3, en tanto coment\u00f3 la reuni\u00f3n prevista con otro inversor interesado en radicar un \u201cproyecto muy importante en el Parque Industrial\u201d de esa localidad.<\/p>\n\n\n\n<p>As\u00ed, durante las pr\u00f3ximas semanas, el equipo de trabajo del Ministerio de Industria plena ir completando una recorrida para potenciar tambi\u00e9n a los parques industriales de gesti\u00f3n municipal. \u201cTrabajamos en un proyecto importante para la localidad de Goya, y luego visitaremos tambi\u00e9n a Esquina, donde se planea un nuevo Parque Industrial municipal. Trabajamos con esta visi\u00f3n que nos encomend\u00f3 el gobernador Vald\u00e9s, para que cada uno de los parques, sea de gesti\u00f3n municipal o provincial&nbsp; &#8211; tengan obras del gobierno provincial. As\u00ed, visitaremos esas localidades para ver cu\u00e1les son las obras prioritarias que necesitan para seguir creciendo\u201d, anunci\u00f3 la funcionaria.<\/p>\n\n\n\n<p>\u201cEs much\u00edsimo lo que Corrientes puede crecer en el \u00e1rea industrial, as\u00ed como es muy valioso lo que aportan cada uno de nuestros emprendedores e inversores cuando deciden hacer esos sue\u00f1os realidad. Es una responsabilidad para el gobierno provincial acompa\u00f1ar y facilitar en el camino de esos sue\u00f1os, para seguir apostando al crecimiento de la provincia\u201d, cerr\u00f3 la Ministra.<\/p>\n\n\n\n<figure class=\"wp-block-image size-large\"><img loading=\"lazy\" decoding=\"async\" width=\"1024\" height=\"683\" src=\"https:\/\/corrientesdetarde.com\/wp-content\/uploads\/2025\/01\/image-628-1024x683.png\" alt=\"\" class=\"wp-image-187220\" srcset=\"https:\/\/corrientesdetarde.com\/wp-content\/uploads\/2025\/01\/image-628-1024x683.png 1024w, https:\/\/corrientesdetarde.com\/wp-content\/uploads\/2025\/01\/image-628-300x200.png 300w, https:\/\/corrientesdetarde.com\/wp-content\/uploads\/2025\/01\/image-628-768x512.png 768w, https:\/\/corrientesdetarde.com\/wp-content\/uploads\/2025\/01\/image-628-1536x1024.png 1536w, https:\/\/corrientesdetarde.com\/wp-content\/uploads\/2025\/01\/image-628-2048x1366.png 2048w\" sizes=\"auto, (max-width: 1024px) 100vw, 1024px\" \/><\/figure>\n\n\n\n<figure class=\"wp-block-image size-large\"><img loading=\"lazy\" decoding=\"async\" width=\"1024\" height=\"683\" src=\"https:\/\/corrientesdetarde.com\/wp-content\/uploads\/2025\/01\/image-629-1024x683.png\" alt=\"\" class=\"wp-image-187221\" srcset=\"https:\/\/corrientesdetarde.com\/wp-content\/uploads\/2025\/01\/image-629-1024x683.png 1024w, https:\/\/corrientesdetarde.com\/wp-content\/uploads\/2025\/01\/image-629-300x200.png 300w, https:\/\/corrientesdetarde.com\/wp-content\/uploads\/2025\/01\/image-629-768x512.png 768w, https:\/\/corrientesdetarde.com\/wp-content\/uploads\/2025\/01\/image-629-1536x1024.png 1536w, https:\/\/corrientesdetarde.com\/wp-content\/uploads\/2025\/01\/image-629-2048x1366.png 2048w\" sizes=\"auto, (max-width: 1024px) 100vw, 1024px\" \/><\/figure>\n\n\n\n<figure class=\"wp-block-image size-large\"><img loading=\"lazy\" decoding=\"async\" width=\"1024\" height=\"683\" src=\"https:\/\/corrientesdetarde.com\/wp-content\/uploads\/2025\/01\/image-630-1024x683.png\" alt=\"\" class=\"wp-image-187222\" srcset=\"https:\/\/corrientesdetarde.com\/wp-content\/uploads\/2025\/01\/image-630-1024x683.png 1024w, https:\/\/corrientesdetarde.com\/wp-content\/uploads\/2025\/01\/image-630-300x200.png 300w, https:\/\/corrientesdetarde.com\/wp-content\/uploads\/2025\/01\/image-630-768x512.png 768w, https:\/\/corrientesdetarde.com\/wp-content\/uploads\/2025\/01\/image-630-1536x1024.png 1536w, https:\/\/corrientesdetarde.com\/wp-content\/uploads\/2025\/01\/image-630-2048x1366.png 2048w\" sizes=\"auto, (max-width: 1024px) 100vw, 1024px\" \/><\/figure>\n\n\n\n<figure class=\"wp-block-image size-large\"><img loading=\"lazy\" decoding=\"async\" width=\"1024\" height=\"683\" src=\"https:\/\/corrientesdetarde.com\/wp-content\/uploads\/2025\/01\/image-631-1024x683.png\" alt=\"\" class=\"wp-image-187223\" srcset=\"https:\/\/corrientesdetarde.com\/wp-content\/uploads\/2025\/01\/image-631-1024x683.png 1024w, https:\/\/corrientesdetarde.com\/wp-content\/uploads\/2025\/01\/image-631-300x200.png 300w, https:\/\/corrientesdetarde.com\/wp-content\/uploads\/2025\/01\/image-631-768x512.png 768w, https:\/\/corrientesdetarde.com\/wp-content\/uploads\/2025\/01\/image-631-1536x1024.png 1536w, https:\/\/corrientesdetarde.com\/wp-content\/uploads\/2025\/01\/image-631-2048x1366.png 2048w\" sizes=\"auto, (max-width: 1024px) 100vw, 1024px\" \/><\/figure>\n","protected":false},"excerpt":{"rendered":"<p>Con una recorrida que incluy\u00f3 la reuni\u00f3n con emprendedores y empresarios de la Capital de la Naranja, Mariel Gabur, Ministra de Industria de la provincia, busca apuntalar la instalaci\u00f3n de&hellip; <\/p>\n","protected":false},"author":8,"featured_media":187223,"comment_status":"closed","ping_status":"open","sticky":false,"template":"","format":"standard","meta":{"footnotes":""},"categories":[17],"tags":[],"class_list":["post-187215","post","type-post","status-publish","format-standard","has-post-thumbnail","hentry","category-sociales"],"_links":{"self":[{"href":"https:\/\/corrientesdetarde.com\/index.php\/wp-json\/wp\/v2\/posts\/187215","targetHints":{"allow":["GET"]}}],"collection":[{"href":"https:\/\/corrientesdetarde.com\/index.php\/wp-json\/wp\/v2\/posts"}],"about":[{"href":"https:\/\/corrientesdetarde.com\/index.php\/wp-json\/wp\/v2\/types\/post"}],"author":[{"embeddable":true,"href":"https:\/\/corrientesdetarde.com\/index.php\/wp-json\/wp\/v2\/users\/8"}],"replies":[{"embeddable":true,"href":"https:\/\/corrientesdetarde.com\/index.php\/wp-json\/wp\/v2\/comments?post=187215"}],"version-history":[{"count":1,"href":"https:\/\/corrientesdetarde.com\/index.php\/wp-json\/wp\/v2\/posts\/187215\/revisions"}],"predecessor-version":[{"id":187224,"href":"https:\/\/corrientesdetarde.com\/index.php\/wp-json\/wp\/v2\/posts\/187215\/revisions\/187224"}],"wp:featuredmedia":[{"embeddable":true,"href":"https:\/\/corrientesdetarde.com\/index.php\/wp-json\/wp\/v2\/media\/187223"}],"wp:attachment":[{"href":"https:\/\/corrientesdetarde.com\/index.php\/wp-json\/wp\/v2\/media?parent=187215"}],"wp:term":[{"taxonomy":"category","embeddable":true,"href":"https:\/\/corrientesdetarde.com\/index.php\/wp-json\/wp\/v2\/categories?post=187215"},{"taxonomy":"post_tag","embeddable":true,"href":"https:\/\/corrientesdetarde.com\/index.php\/wp-json\/wp\/v2\/tags?post=187215"}],"curies":[{"name":"wp","href":"https:\/\/api.w.org\/{rel}","templated":true}]}}