{"id":187245,"date":"2025-01-28T23:20:11","date_gmt":"2025-01-29T02:20:11","guid":{"rendered":"https:\/\/corrientesdetarde.com\/?p=187245"},"modified":"2025-01-28T23:20:23","modified_gmt":"2025-01-29T02:20:23","slug":"se-firmo-la-revision-de-la-paritaria-mercantil-2","status":"publish","type":"post","link":"https:\/\/corrientesdetarde.com\/index.php\/actualidad\/se-firmo-la-revision-de-la-paritaria-mercantil-2\/","title":{"rendered":"Se firm\u00f3 la revisi\u00f3n de la paritaria mercantil"},"content":{"rendered":"\n<p><em>Se acord\u00f3 un aumento no remunerativo de 5,1% a abonarse en tres tramos.<\/em><\/p>\n\n\n\n<p>La C\u00e1mara Argentina de Comercio y Servicios (CAC), la Confederaci\u00f3n Argentina de la Mediana Empresa (CAME), la Uni\u00f3n de Entidades Comerciales Argentinas (UDECA) y la Federaci\u00f3n Argentina de Empleados de Comercio y Servicios (FAECyS) suscribieron un nuevo acuerdo en el marco de la&nbsp;paritaria&nbsp;2024-2026 para la actividad mercantil.&nbsp;<\/p>\n\n\n\n<p>Las partes pactaron un incremento salarial de 5,1% sobre las escalas de las remuneraciones b\u00e1sicas del CCT N\u00b0 130\/75 a cuyo efecto se tomar\u00e1 como base de c\u00e1lculo los valores expresados para el mes de diciembre de 2024, con m\u00e1s las sumas de car\u00e1cter no remunerativo que se ir\u00e1n incorporando conforme escalas salariales.<\/p>\n\n\n\n<p>La mencionada suba de 5,1% se abonar\u00e1 en su valor nominal y en tres tramos: 1,7% a partir de enero 2025, 1,7% a partir de febrero 2025, y 1,7% a partir de marzo 2025.<\/p>\n\n\n\n<p>Lo pactado tiene vigencia desde el 1\u00b0 de enero de 2025 y hasta el 31 de marzo de 2026, sin perjuicio de lo cual las partes se comprometieron a reunirse en el mes de abril de 2025 para analizar las variaciones econ\u00f3micas que pudieran haber ocurrido.<\/p>\n\n\n\n<p>Cabe destacar que las partes acordaron incorporar las sumas no remunerativas a los b\u00e1sicos de convenio de la siguiente forma: el incremento de enero 2025 con los haberes de febrero 2025; el incremento de febrero 2025 con los haberes de marzo 2025; y, por \u00faltimo, el incremento de marzo 2025 con los haberes de abril 2025.<\/p>\n\n\n\n<p>Se aclara que los incrementos del acuerdo en cuesti\u00f3n no son vinculantes para los acuerdos salariales que pudieran suscribirse en el \u00e1mbito de la ciudad de R\u00edo Grande, provincia de Tierra del Fuego, sin perjuicio de que las sumas resultantes de los incrementos pactados constituyan el m\u00ednimo convencional vigente a partir de la homologaci\u00f3n.<\/p>\n\n\n\n<p>Vale mencionar que la presente revisi\u00f3n se da en el marco del compromiso de reuni\u00f3n pactado por las partes en el acuerdo del pasado 29 de noviembre ante las variaciones econ\u00f3micas registradas desde entonces, previsto en la cl\u00e1usula 4ta del mencionado entendimiento.<\/p>\n","protected":false},"excerpt":{"rendered":"<p>Se acord\u00f3 un aumento no remunerativo de 5,1% a abonarse en tres tramos. La C\u00e1mara Argentina de Comercio y Servicios (CAC), la Confederaci\u00f3n Argentina de la Mediana Empresa (CAME), la&hellip; <\/p>\n","protected":false},"author":4,"featured_media":187325,"comment_status":"closed","ping_status":"open","sticky":false,"template":"","format":"standard","meta":{"footnotes":""},"categories":[23],"tags":[],"class_list":["post-187245","post","type-post","status-publish","format-standard","has-post-thumbnail","hentry","category-actualidad"],"_links":{"self":[{"href":"https:\/\/corrientesdetarde.com\/index.php\/wp-json\/wp\/v2\/posts\/187245","targetHints":{"allow":["GET"]}}],"collection":[{"href":"https:\/\/corrientesdetarde.com\/index.php\/wp-json\/wp\/v2\/posts"}],"about":[{"href":"https:\/\/corrientesdetarde.com\/index.php\/wp-json\/wp\/v2\/types\/post"}],"author":[{"embeddable":true,"href":"https:\/\/corrientesdetarde.com\/index.php\/wp-json\/wp\/v2\/users\/4"}],"replies":[{"embeddable":true,"href":"https:\/\/corrientesdetarde.com\/index.php\/wp-json\/wp\/v2\/comments?post=187245"}],"version-history":[{"count":2,"href":"https:\/\/corrientesdetarde.com\/index.php\/wp-json\/wp\/v2\/posts\/187245\/revisions"}],"predecessor-version":[{"id":187327,"href":"https:\/\/corrientesdetarde.com\/index.php\/wp-json\/wp\/v2\/posts\/187245\/revisions\/187327"}],"wp:featuredmedia":[{"embeddable":true,"href":"https:\/\/corrientesdetarde.com\/index.php\/wp-json\/wp\/v2\/media\/187325"}],"wp:attachment":[{"href":"https:\/\/corrientesdetarde.com\/index.php\/wp-json\/wp\/v2\/media?parent=187245"}],"wp:term":[{"taxonomy":"category","embeddable":true,"href":"https:\/\/corrientesdetarde.com\/index.php\/wp-json\/wp\/v2\/categories?post=187245"},{"taxonomy":"post_tag","embeddable":true,"href":"https:\/\/corrientesdetarde.com\/index.php\/wp-json\/wp\/v2\/tags?post=187245"}],"curies":[{"name":"wp","href":"https:\/\/api.w.org\/{rel}","templated":true}]}}