{"id":187249,"date":"2025-01-28T19:48:04","date_gmt":"2025-01-28T22:48:04","guid":{"rendered":"https:\/\/corrientesdetarde.com\/?p=187249"},"modified":"2025-01-28T19:49:58","modified_gmt":"2025-01-28T22:49:58","slug":"exitosa-venta-de-emprendedores-en-la-fiesta-del-chamame","status":"publish","type":"post","link":"https:\/\/corrientesdetarde.com\/index.php\/destacados\/exitosa-venta-de-emprendedores-en-la-fiesta-del-chamame\/","title":{"rendered":"Exitosa venta de emprendedores en la Fiesta del Chamam\u00e9"},"content":{"rendered":"\n<p>M\u00e1s de 10 millones de pesos recaudaron los emprendedores y artesanos vinculados al Ministerio de Desarrollo Social de la Provincia durante&nbsp;la Fiesta Nacional del Chamam\u00e9. para ello, se cont\u00f3 con la&nbsp;Coordinaci\u00f3n de la Direcci\u00f3n de Comercializaci\u00f3n del Ministerio.<\/p>\n\n\n\n<figure class=\"wp-block-image size-large\"><img loading=\"lazy\" decoding=\"async\" width=\"1024\" height=\"757\" src=\"https:\/\/corrientesdetarde.com\/wp-content\/uploads\/2025\/01\/image-641-1024x757.png\" alt=\"\" class=\"wp-image-187257\" srcset=\"https:\/\/corrientesdetarde.com\/wp-content\/uploads\/2025\/01\/image-641-1024x757.png 1024w, https:\/\/corrientesdetarde.com\/wp-content\/uploads\/2025\/01\/image-641-300x222.png 300w, https:\/\/corrientesdetarde.com\/wp-content\/uploads\/2025\/01\/image-641-768x568.png 768w, https:\/\/corrientesdetarde.com\/wp-content\/uploads\/2025\/01\/image-641.png 1210w\" sizes=\"auto, (max-width: 1024px) 100vw, 1024px\" \/><\/figure>\n\n\n\n<p>Gracias al Instituto de Cultura de Corrientes, los emprendedores pudieron exponer sus trabajos en este evento cultural de gran magnitud, todos los d\u00edas desde el 17&nbsp;hasta el 26 de enero de&nbsp;18 a 3.<\/p>\n\n\n\n<p>Los expositores estuvieron conformados&nbsp;por 6 artesanos&nbsp;ubicados en stands&nbsp;dentro del predio del Anfiteatro Mario del Tr\u00e1nsito Cocomarola en el ingreso y otro grupo de 10 emprendedores gastron\u00f3micos&nbsp;&nbsp; con patio de comidas ofrec\u00edan&nbsp;sus exquisiteces por calle Patagonia&nbsp;y Sarmiento.<\/p>\n\n\n\n<figure class=\"wp-block-image size-large\"><img loading=\"lazy\" decoding=\"async\" width=\"1024\" height=\"765\" src=\"https:\/\/corrientesdetarde.com\/wp-content\/uploads\/2025\/01\/image-642-1024x765.png\" alt=\"\" class=\"wp-image-187258\" srcset=\"https:\/\/corrientesdetarde.com\/wp-content\/uploads\/2025\/01\/image-642-1024x765.png 1024w, https:\/\/corrientesdetarde.com\/wp-content\/uploads\/2025\/01\/image-642-300x224.png 300w, https:\/\/corrientesdetarde.com\/wp-content\/uploads\/2025\/01\/image-642-768x574.png 768w, https:\/\/corrientesdetarde.com\/wp-content\/uploads\/2025\/01\/image-642.png 1203w\" sizes=\"auto, (max-width: 1024px) 100vw, 1024px\" \/><\/figure>\n\n\n\n<p>Entre las artesan\u00edas&nbsp;se pod\u00eda encontrar sublimados, productos en cuero, marroquiner\u00eda y reciclados.<\/p>\n\n\n\n<p>Entre la oferta gastron\u00f3mica se pod\u00eda acceder&nbsp;a&nbsp;tacos, panchos, empanadas, hamburguesas, s\u00e1ndwich&nbsp;de chicharr\u00f3n y milanesa, licuados y tragos.<\/p>\n\n\n\n<figure class=\"wp-block-image size-large\"><img loading=\"lazy\" decoding=\"async\" width=\"1024\" height=\"570\" src=\"https:\/\/corrientesdetarde.com\/wp-content\/uploads\/2025\/01\/image-643-1024x570.png\" alt=\"\" class=\"wp-image-187259\" srcset=\"https:\/\/corrientesdetarde.com\/wp-content\/uploads\/2025\/01\/image-643-1024x570.png 1024w, https:\/\/corrientesdetarde.com\/wp-content\/uploads\/2025\/01\/image-643-300x167.png 300w, https:\/\/corrientesdetarde.com\/wp-content\/uploads\/2025\/01\/image-643-768x428.png 768w, https:\/\/corrientesdetarde.com\/wp-content\/uploads\/2025\/01\/image-643-1536x856.png 1536w, https:\/\/corrientesdetarde.com\/wp-content\/uploads\/2025\/01\/image-643.png 1594w\" sizes=\"auto, (max-width: 1024px) 100vw, 1024px\" \/><\/figure>\n","protected":false},"excerpt":{"rendered":"<p>M\u00e1s de 10 millones de pesos recaudaron los emprendedores y artesanos vinculados al Ministerio de Desarrollo Social de la Provincia durante&nbsp;la Fiesta Nacional del Chamam\u00e9. para ello, se cont\u00f3 con&hellip; <\/p>\n","protected":false},"author":4,"featured_media":187260,"comment_status":"closed","ping_status":"open","sticky":false,"template":"","format":"standard","meta":{"footnotes":""},"categories":[26],"tags":[],"class_list":["post-187249","post","type-post","status-publish","format-standard","has-post-thumbnail","hentry","category-destacados"],"_links":{"self":[{"href":"https:\/\/corrientesdetarde.com\/index.php\/wp-json\/wp\/v2\/posts\/187249","targetHints":{"allow":["GET"]}}],"collection":[{"href":"https:\/\/corrientesdetarde.com\/index.php\/wp-json\/wp\/v2\/posts"}],"about":[{"href":"https:\/\/corrientesdetarde.com\/index.php\/wp-json\/wp\/v2\/types\/post"}],"author":[{"embeddable":true,"href":"https:\/\/corrientesdetarde.com\/index.php\/wp-json\/wp\/v2\/users\/4"}],"replies":[{"embeddable":true,"href":"https:\/\/corrientesdetarde.com\/index.php\/wp-json\/wp\/v2\/comments?post=187249"}],"version-history":[{"count":1,"href":"https:\/\/corrientesdetarde.com\/index.php\/wp-json\/wp\/v2\/posts\/187249\/revisions"}],"predecessor-version":[{"id":187261,"href":"https:\/\/corrientesdetarde.com\/index.php\/wp-json\/wp\/v2\/posts\/187249\/revisions\/187261"}],"wp:featuredmedia":[{"embeddable":true,"href":"https:\/\/corrientesdetarde.com\/index.php\/wp-json\/wp\/v2\/media\/187260"}],"wp:attachment":[{"href":"https:\/\/corrientesdetarde.com\/index.php\/wp-json\/wp\/v2\/media?parent=187249"}],"wp:term":[{"taxonomy":"category","embeddable":true,"href":"https:\/\/corrientesdetarde.com\/index.php\/wp-json\/wp\/v2\/categories?post=187249"},{"taxonomy":"post_tag","embeddable":true,"href":"https:\/\/corrientesdetarde.com\/index.php\/wp-json\/wp\/v2\/tags?post=187249"}],"curies":[{"name":"wp","href":"https:\/\/api.w.org\/{rel}","templated":true}]}}