{"id":187250,"date":"2025-01-28T19:45:13","date_gmt":"2025-01-28T22:45:13","guid":{"rendered":"https:\/\/corrientesdetarde.com\/?p=187250"},"modified":"2025-01-28T19:45:25","modified_gmt":"2025-01-28T22:45:25","slug":"desarrollo-social-entrego-cajas-de-alimentos-para-celiacos","status":"publish","type":"post","link":"https:\/\/corrientesdetarde.com\/index.php\/actualidad\/desarrollo-social-entrego-cajas-de-alimentos-para-celiacos\/","title":{"rendered":"Desarrollo Social entreg\u00f3 cajas de alimentos para cel\u00edacos"},"content":{"rendered":"\n<p>El Ministerio de Desarrollo Social de la Provincia realiz\u00f3 este lunes 27&nbsp;y martes 28 de enero&nbsp;la entrega de m\u00f3dulos alimentarios para celiacos en el barrio Apip\u00e9.<\/p>\n\n\n\n<p>Esta actividad es organizada por el Programa de Apoyo Nutricional a la Persona Cel\u00edaca dependiente de la Direcci\u00f3n de Seguridad Alimentaria, que tiene como objetivo brindar apoyo nutricional a las personas que padecen esta enfermedad.<\/p>\n\n\n\n<figure class=\"wp-block-image size-full\"><img loading=\"lazy\" decoding=\"async\" width=\"748\" height=\"891\" src=\"https:\/\/corrientesdetarde.com\/wp-content\/uploads\/2025\/01\/image-639.png\" alt=\"\" class=\"wp-image-187251\" srcset=\"https:\/\/corrientesdetarde.com\/wp-content\/uploads\/2025\/01\/image-639.png 748w, https:\/\/corrientesdetarde.com\/wp-content\/uploads\/2025\/01\/image-639-252x300.png 252w\" sizes=\"auto, (max-width: 748px) 100vw, 748px\" \/><\/figure>\n\n\n\n<p>En forma gratuita, mensual y de por vida se entregan cajas de alimentos para cel\u00edacos a m\u00e1s de 1700 beneficiarios tanto de Capital como del interior provincial.<\/p>\n\n\n\n<p>Los interesados en formar parte del Programa pueden acercarse al Ministerio de 7 a 13, en el \u00c1rea de Celiaqu\u00eda de este organismo en Murcia 59 del barrio&nbsp;Apip\u00e9.<\/p>\n\n\n\n<figure class=\"wp-block-image size-full\"><img loading=\"lazy\" decoding=\"async\" width=\"916\" height=\"907\" src=\"https:\/\/corrientesdetarde.com\/wp-content\/uploads\/2025\/01\/image-640.png\" alt=\"\" class=\"wp-image-187252\" srcset=\"https:\/\/corrientesdetarde.com\/wp-content\/uploads\/2025\/01\/image-640.png 916w, https:\/\/corrientesdetarde.com\/wp-content\/uploads\/2025\/01\/image-640-300x297.png 300w, https:\/\/corrientesdetarde.com\/wp-content\/uploads\/2025\/01\/image-640-150x150.png 150w, https:\/\/corrientesdetarde.com\/wp-content\/uploads\/2025\/01\/image-640-768x760.png 768w\" sizes=\"auto, (max-width: 916px) 100vw, 916px\" \/><\/figure>\n","protected":false},"excerpt":{"rendered":"<p>El Ministerio de Desarrollo Social de la Provincia realiz\u00f3 este lunes 27&nbsp;y martes 28 de enero&nbsp;la entrega de m\u00f3dulos alimentarios para celiacos en el barrio Apip\u00e9. Esta actividad es organizada&hellip; <\/p>\n","protected":false},"author":4,"featured_media":187253,"comment_status":"closed","ping_status":"open","sticky":false,"template":"","format":"standard","meta":{"footnotes":""},"categories":[23],"tags":[],"class_list":["post-187250","post","type-post","status-publish","format-standard","has-post-thumbnail","hentry","category-actualidad"],"_links":{"self":[{"href":"https:\/\/corrientesdetarde.com\/index.php\/wp-json\/wp\/v2\/posts\/187250","targetHints":{"allow":["GET"]}}],"collection":[{"href":"https:\/\/corrientesdetarde.com\/index.php\/wp-json\/wp\/v2\/posts"}],"about":[{"href":"https:\/\/corrientesdetarde.com\/index.php\/wp-json\/wp\/v2\/types\/post"}],"author":[{"embeddable":true,"href":"https:\/\/corrientesdetarde.com\/index.php\/wp-json\/wp\/v2\/users\/4"}],"replies":[{"embeddable":true,"href":"https:\/\/corrientesdetarde.com\/index.php\/wp-json\/wp\/v2\/comments?post=187250"}],"version-history":[{"count":2,"href":"https:\/\/corrientesdetarde.com\/index.php\/wp-json\/wp\/v2\/posts\/187250\/revisions"}],"predecessor-version":[{"id":187255,"href":"https:\/\/corrientesdetarde.com\/index.php\/wp-json\/wp\/v2\/posts\/187250\/revisions\/187255"}],"wp:featuredmedia":[{"embeddable":true,"href":"https:\/\/corrientesdetarde.com\/index.php\/wp-json\/wp\/v2\/media\/187253"}],"wp:attachment":[{"href":"https:\/\/corrientesdetarde.com\/index.php\/wp-json\/wp\/v2\/media?parent=187250"}],"wp:term":[{"taxonomy":"category","embeddable":true,"href":"https:\/\/corrientesdetarde.com\/index.php\/wp-json\/wp\/v2\/categories?post=187250"},{"taxonomy":"post_tag","embeddable":true,"href":"https:\/\/corrientesdetarde.com\/index.php\/wp-json\/wp\/v2\/tags?post=187250"}],"curies":[{"name":"wp","href":"https:\/\/api.w.org\/{rel}","templated":true}]}}