{"id":187256,"date":"2025-01-28T19:56:29","date_gmt":"2025-01-28T22:56:29","guid":{"rendered":"https:\/\/corrientesdetarde.com\/?p=187256"},"modified":"2025-01-28T19:56:34","modified_gmt":"2025-01-28T22:56:34","slug":"remises-congelan-sus-tarifas-por-dos-meses-en-la-ciudad","status":"publish","type":"post","link":"https:\/\/corrientesdetarde.com\/index.php\/locales\/remises-congelan-sus-tarifas-por-dos-meses-en-la-ciudad\/","title":{"rendered":"Remises: congelan sus tarifas por dos meses en la ciudad"},"content":{"rendered":"\n<p>La actividad pasa por un momento complicado, ya que se esperan subas en los combustibles y otros costos, pero subir los precios solo emporar\u00eda el panorama.<\/p>\n\n\n\n<p>La tarifa de los remises en Corrientes no sufrir\u00eda incrementos por lo menos hasta abril, seg\u00fan indicaron ayer desde la Asociaci\u00f3n de Remiseros de Corrientes. Actualmente, el sector refleja una retracci\u00f3n en la oferta que comenz\u00f3 en 2020 con la pandemia, debido a la baja rentabilidad de la actividad, provocada por el aumento descontrolado de costos y la baja en la demanda por la competencia que vienen ganando las apps como Uber y Cabify.<\/p>\n\n\n\n<p>&#8220;Muchos conductores dejaron la actividad porque no tienen auto propio. Y tampoco existen cr\u00e9ditos en la actualidad con los que se pueda comprar un cero kil\u00f3metro. Un coche nuevo cuesta cerca de 25 millones de pesos por lo que son siete u ocho a\u00f1os para recuperar la inversi\u00f3n&#8221;, analiz\u00f3&nbsp;Juan Castillo, presidente de la Asociaci\u00f3n.<\/p>\n\n\n\n<p>Castillo precis\u00f3 que las agencias de remises descartan subas de la m\u00ednima en los pr\u00f3ximos d\u00edas, pese a que para febrero se espera una actualizaci\u00f3n del 2% en el valor de los combustibles (se proyecta una suba del 25% para todo 2025) y estim\u00f3 que una modificaci\u00f3n en el servicio reci\u00e9n se podr\u00eda dar para fines de marzo o principios de abril.&nbsp;&#8220;Marzo es una \u00e9poca donde repunta la demanda por las clases y no aplicamos cambios para no retraer la demanda&#8221;, agreg\u00f3.<\/p>\n\n\n\n<p>En la actualidad, la baja de bandera ronda entre $1.700 y $1.800 en la ciudad.<\/p>\n","protected":false},"excerpt":{"rendered":"<p>La actividad pasa por un momento complicado, ya que se esperan subas en los combustibles y otros costos, pero subir los precios solo emporar\u00eda el panorama. La tarifa de los&hellip; <\/p>\n","protected":false},"author":4,"featured_media":187268,"comment_status":"closed","ping_status":"open","sticky":false,"template":"","format":"standard","meta":{"footnotes":""},"categories":[8],"tags":[],"class_list":["post-187256","post","type-post","status-publish","format-standard","has-post-thumbnail","hentry","category-locales"],"_links":{"self":[{"href":"https:\/\/corrientesdetarde.com\/index.php\/wp-json\/wp\/v2\/posts\/187256","targetHints":{"allow":["GET"]}}],"collection":[{"href":"https:\/\/corrientesdetarde.com\/index.php\/wp-json\/wp\/v2\/posts"}],"about":[{"href":"https:\/\/corrientesdetarde.com\/index.php\/wp-json\/wp\/v2\/types\/post"}],"author":[{"embeddable":true,"href":"https:\/\/corrientesdetarde.com\/index.php\/wp-json\/wp\/v2\/users\/4"}],"replies":[{"embeddable":true,"href":"https:\/\/corrientesdetarde.com\/index.php\/wp-json\/wp\/v2\/comments?post=187256"}],"version-history":[{"count":2,"href":"https:\/\/corrientesdetarde.com\/index.php\/wp-json\/wp\/v2\/posts\/187256\/revisions"}],"predecessor-version":[{"id":187270,"href":"https:\/\/corrientesdetarde.com\/index.php\/wp-json\/wp\/v2\/posts\/187256\/revisions\/187270"}],"wp:featuredmedia":[{"embeddable":true,"href":"https:\/\/corrientesdetarde.com\/index.php\/wp-json\/wp\/v2\/media\/187268"}],"wp:attachment":[{"href":"https:\/\/corrientesdetarde.com\/index.php\/wp-json\/wp\/v2\/media?parent=187256"}],"wp:term":[{"taxonomy":"category","embeddable":true,"href":"https:\/\/corrientesdetarde.com\/index.php\/wp-json\/wp\/v2\/categories?post=187256"},{"taxonomy":"post_tag","embeddable":true,"href":"https:\/\/corrientesdetarde.com\/index.php\/wp-json\/wp\/v2\/tags?post=187256"}],"curies":[{"name":"wp","href":"https:\/\/api.w.org\/{rel}","templated":true}]}}