{"id":187304,"date":"2025-01-28T23:54:34","date_gmt":"2025-01-29T02:54:34","guid":{"rendered":"https:\/\/corrientesdetarde.com\/?p=187304"},"modified":"2025-01-28T23:54:46","modified_gmt":"2025-01-29T02:54:46","slug":"renuncio-eduardo-serenellini-el-secretario-de-comunicacion-y-prensa-de-la-nacion","status":"publish","type":"post","link":"https:\/\/corrientesdetarde.com\/index.php\/politica\/renuncio-eduardo-serenellini-el-secretario-de-comunicacion-y-prensa-de-la-nacion\/","title":{"rendered":"Renunci\u00f3 Eduardo Serenellini, el secretario de Comunicaci\u00f3n y Prensa de la Naci\u00f3n"},"content":{"rendered":"\n<p>&#8220;Por razones personales&#8221;, adujo el funcionario saliente. &#8220;Agradezco su confianza y conservo una gran amistad&#8221;, le dijo al Presidente Javier Milei en X.<\/p>\n\n\n\n<p>Este martes por la tarde el secretario de Comunicaci\u00f3n y Prensa, Eduardo Serenellini, renunci\u00f3 a su cargo. Seg\u00fan pudo saber TN, el Gobierno analiza cerrar el \u00e1rea y que la subsecretar\u00eda de Prensa, que preside Javier Lanari, tome sus atribuciones y pase a depender del vocero presidencial, Manuel Adorni.<\/p>\n\n\n\n<p>&#8220;Est\u00e1 bajo an\u00e1lisis, la eliminaci\u00f3n es una posibilidad fuerte&#8221;, expresan en Naci\u00f3n. Serenellini le present\u00f3 hoy a la ma\u00f1ana la renuncia a Javier Milei en la quinta presidencial de Olivos. El exfuncionario tuvo cruces desde el primer trimestre de 2024 con la secretaria general de la Presidencia, Karina Milei, y su c\u00edrculo cercano.<\/p>\n\n\n\n<p>La salida del secretario forma parte de una reestructuraci\u00f3n que prepara el Ejecutivo previo a las elecciones de 2025. Rodolfo Barra fue desplazado la semana pasada de la Procuraci\u00f3n General del Tesoro y lo reemplaz\u00f3 el abogado Santiago Castro Videla.<\/p>\n","protected":false},"excerpt":{"rendered":"<p>&#8220;Por razones personales&#8221;, adujo el funcionario saliente. &#8220;Agradezco su confianza y conservo una gran amistad&#8221;, le dijo al Presidente Javier Milei en X. Este martes por la tarde el secretario&hellip; <\/p>\n","protected":false},"author":4,"featured_media":187328,"comment_status":"closed","ping_status":"open","sticky":false,"template":"","format":"standard","meta":{"footnotes":""},"categories":[3],"tags":[],"class_list":["post-187304","post","type-post","status-publish","format-standard","has-post-thumbnail","hentry","category-politica"],"_links":{"self":[{"href":"https:\/\/corrientesdetarde.com\/index.php\/wp-json\/wp\/v2\/posts\/187304","targetHints":{"allow":["GET"]}}],"collection":[{"href":"https:\/\/corrientesdetarde.com\/index.php\/wp-json\/wp\/v2\/posts"}],"about":[{"href":"https:\/\/corrientesdetarde.com\/index.php\/wp-json\/wp\/v2\/types\/post"}],"author":[{"embeddable":true,"href":"https:\/\/corrientesdetarde.com\/index.php\/wp-json\/wp\/v2\/users\/4"}],"replies":[{"embeddable":true,"href":"https:\/\/corrientesdetarde.com\/index.php\/wp-json\/wp\/v2\/comments?post=187304"}],"version-history":[{"count":2,"href":"https:\/\/corrientesdetarde.com\/index.php\/wp-json\/wp\/v2\/posts\/187304\/revisions"}],"predecessor-version":[{"id":187330,"href":"https:\/\/corrientesdetarde.com\/index.php\/wp-json\/wp\/v2\/posts\/187304\/revisions\/187330"}],"wp:featuredmedia":[{"embeddable":true,"href":"https:\/\/corrientesdetarde.com\/index.php\/wp-json\/wp\/v2\/media\/187328"}],"wp:attachment":[{"href":"https:\/\/corrientesdetarde.com\/index.php\/wp-json\/wp\/v2\/media?parent=187304"}],"wp:term":[{"taxonomy":"category","embeddable":true,"href":"https:\/\/corrientesdetarde.com\/index.php\/wp-json\/wp\/v2\/categories?post=187304"},{"taxonomy":"post_tag","embeddable":true,"href":"https:\/\/corrientesdetarde.com\/index.php\/wp-json\/wp\/v2\/tags?post=187304"}],"curies":[{"name":"wp","href":"https:\/\/api.w.org\/{rel}","templated":true}]}}