{"id":187307,"date":"2025-01-28T22:40:22","date_gmt":"2025-01-29T01:40:22","guid":{"rendered":"https:\/\/corrientesdetarde.com\/?p=187307"},"modified":"2025-01-28T22:40:34","modified_gmt":"2025-01-29T01:40:34","slug":"la-marcha-del-orgullo-antifascista-y-antirracista-moviliza-a-argentina-y-el-mundo","status":"publish","type":"post","link":"https:\/\/corrientesdetarde.com\/index.php\/politica\/la-marcha-del-orgullo-antifascista-y-antirracista-moviliza-a-argentina-y-el-mundo\/","title":{"rendered":"LA MARCHA DEL ORGULLO ANTIFASCISTA Y ANTIRRACISTA MOVILIZA A ARGENTINA Y EL MUNDO"},"content":{"rendered":"\n<p>(Corresponsal\u00eda Buenos Aires) &#8211; Este fin de semana, la Marcha del Orgullo Antifascista y Antirracista promete te\u00f1ir las calles de diversas ciudades con consignas en favor de la igualdad y contra el odio. Desde la Ciudad Aut\u00f3noma de Buenos Aires hasta peque\u00f1os rincones del pa\u00eds, las convocatorias se multiplican. Incluso, el llamado trasciende fronteras, sumando adhesiones en Espa\u00f1a y Uruguay.<\/p>\n\n\n\n<p>En Buenos Aires, el epicentro ser\u00e1 el s\u00e1bado 1 de febrero a las 16, cuando la movilizaci\u00f3n parta del Congreso de la Naci\u00f3n hacia Plaza de Mayo. Pero no ser\u00e1 la \u00fanica expresi\u00f3n. Las provincias tambi\u00e9n tendr\u00e1n sus propias manifestaciones, organizadas en asambleas locales que apuntan a garantizar una amplia participaci\u00f3n.<\/p>\n\n\n\n<p>En la provincia de Buenos Aires, por ejemplo, Villa Gesell, Azul, Bah\u00eda Blanca, Tandil, y Monte Hermoso se suman con horarios que oscilan entre las 16 y las 19, utilizando plazas centrales como puntos de encuentro. En Sierra de la Ventana, la cita ser\u00e1 en la Plaza Eva Per\u00f3n a las 18, mientras que en Coronel Dorrego la convocatoria est\u00e1 prevista para las 19.<\/p>\n\n\n\n<p>El esp\u00edritu de la marcha tambi\u00e9n llega a Chaco, con una manifestaci\u00f3n en Resistencia frente al Hospital Perrando. En Chubut, Esquel se prepara para una jornada de actividades que comenzar\u00e1 a las 18 en la Plaza del Cielo.<\/p>\n\n\n\n<p>En C\u00f3rdoba, la movilizaci\u00f3n capitalina partir\u00e1 desde Col\u00f3n y General Paz hacia el Patio Olmos, marcando un recorrido emblem\u00e1tico. Por su parte, en Corrientes, las marchas tendr\u00e1n lugar tanto en la capital como en Curuz\u00fa Cuati\u00e1, donde la concentraci\u00f3n ser\u00e1 en la Plaza Belgrano.<\/p>\n\n\n\n<p>Entre R\u00edos no se queda atr\u00e1s: Paran\u00e1 convoca en Plaza 1\u00b0 de Mayo, mientras que Concepci\u00f3n del Uruguay comenzar\u00e1 su marcha desde Plaza Ram\u00edrez. La Pampa, con su epicentro en Santa Rosa, se prepara para una asamblea a las 18.30, seguida de una movilizaci\u00f3n a las 20.<\/p>\n\n\n\n<p>En el oeste del pa\u00eds, Mendoza convoca en la Plazoleta Vergara, mientras que en el noreste, Misiones contar\u00e1 con actividades en Puerto Iguaz\u00fa y Ober\u00e1.<\/p>\n\n\n\n<p>Neuqu\u00e9n y R\u00edo Negro tambi\u00e9n se movilizan. En la capital neuquina, la cita ser\u00e1 en el Paseo de la Costa, mientras que Bariloche, Cipolletti y Fiske Menuco tendr\u00e1n sus propias concentraciones en plazas emblem\u00e1ticas.<\/p>\n\n\n\n<p>En Salta, la Plaza 9 de Julio ser\u00e1 el punto de partida a las 18. Santa Fe tendr\u00e1 una importante representaci\u00f3n en su capital y en Rosario, donde la Asamblea LGBTIQ+ Antifascista y Antirracista definir\u00e1 detalles previos.<\/p>\n\n\n\n<p>En Tucum\u00e1n, la marcha partir\u00e1 desde Plaza Urquiza hacia Plaza Independencia.<\/p>\n\n\n\n<p>M\u00e1s all\u00e1 de las fronteras argentinas, la convocatoria resonar\u00e1 en Madrid, con una manifestaci\u00f3n frente al Consulado Argentino, y en Montevideo, Uruguay, donde se marchar\u00e1 desde Plaza Libertad hasta la Embajada Argentina.<\/p>\n\n\n\n<p>La Marcha del Orgullo Antifascista y Antirracista se presenta como un grito colectivo, uniendo a distintas ciudades y pa\u00edses bajo un mismo lema: combatir el fascismo, el racismo y cualquier forma de discriminaci\u00f3n. Las calles se llenar\u00e1n de banderas, consignas y, sobre todo, orgullo.<\/p>\n","protected":false},"excerpt":{"rendered":"<p>(Corresponsal\u00eda Buenos Aires) &#8211; Este fin de semana, la Marcha del Orgullo Antifascista y Antirracista promete te\u00f1ir las calles de diversas ciudades con consignas en favor de la igualdad y&hellip; <\/p>\n","protected":false},"author":11,"featured_media":187308,"comment_status":"closed","ping_status":"open","sticky":false,"template":"","format":"standard","meta":{"footnotes":""},"categories":[26,3],"tags":[],"class_list":["post-187307","post","type-post","status-publish","format-standard","has-post-thumbnail","hentry","category-destacados","category-politica"],"_links":{"self":[{"href":"https:\/\/corrientesdetarde.com\/index.php\/wp-json\/wp\/v2\/posts\/187307","targetHints":{"allow":["GET"]}}],"collection":[{"href":"https:\/\/corrientesdetarde.com\/index.php\/wp-json\/wp\/v2\/posts"}],"about":[{"href":"https:\/\/corrientesdetarde.com\/index.php\/wp-json\/wp\/v2\/types\/post"}],"author":[{"embeddable":true,"href":"https:\/\/corrientesdetarde.com\/index.php\/wp-json\/wp\/v2\/users\/11"}],"replies":[{"embeddable":true,"href":"https:\/\/corrientesdetarde.com\/index.php\/wp-json\/wp\/v2\/comments?post=187307"}],"version-history":[{"count":2,"href":"https:\/\/corrientesdetarde.com\/index.php\/wp-json\/wp\/v2\/posts\/187307\/revisions"}],"predecessor-version":[{"id":187310,"href":"https:\/\/corrientesdetarde.com\/index.php\/wp-json\/wp\/v2\/posts\/187307\/revisions\/187310"}],"wp:featuredmedia":[{"embeddable":true,"href":"https:\/\/corrientesdetarde.com\/index.php\/wp-json\/wp\/v2\/media\/187308"}],"wp:attachment":[{"href":"https:\/\/corrientesdetarde.com\/index.php\/wp-json\/wp\/v2\/media?parent=187307"}],"wp:term":[{"taxonomy":"category","embeddable":true,"href":"https:\/\/corrientesdetarde.com\/index.php\/wp-json\/wp\/v2\/categories?post=187307"},{"taxonomy":"post_tag","embeddable":true,"href":"https:\/\/corrientesdetarde.com\/index.php\/wp-json\/wp\/v2\/tags?post=187307"}],"curies":[{"name":"wp","href":"https:\/\/api.w.org\/{rel}","templated":true}]}}