{"id":187311,"date":"2025-01-28T22:53:38","date_gmt":"2025-01-29T01:53:38","guid":{"rendered":"https:\/\/corrientesdetarde.com\/?p=187311"},"modified":"2025-01-29T08:30:16","modified_gmt":"2025-01-29T11:30:16","slug":"murio-un-joven-que-fue-atropellado-por-una-moto","status":"publish","type":"post","link":"https:\/\/corrientesdetarde.com\/index.php\/actualidad\/murio-un-joven-que-fue-atropellado-por-una-moto\/","title":{"rendered":"Muri\u00f3 un joven que fue atropellado por una moto"},"content":{"rendered":"\n<p>Se trata de un ciclista que se encontraba peleando por su vida desde el 16 de enero-&nbsp;<\/p>\n\n\n\n<p>Este marte se confirm\u00f3 el fallecimiento de un hombre que hab\u00eda sufrido un siniestro vial y que se encontraba internado en el hospital Escuela.<\/p>\n\n\n\n<p>Se trata de Daniel Medina (32), que el pasado 16 de enero se encontraba circulando en una bicicleta y en un momento determinado fue atropello por una motocicleta Yamaha modelo FZ.<\/p>\n\n\n\n<p>El accidente se produjo en la localidad correntina de Lavalle, mas precisamente sobre la ruta provincial N\u00b0 27 a la altura del kil\u00f3metro 112.&nbsp;<\/p>\n\n\n\n<p>La v\u00edctima, que era oriunda de paraje La Loma, result\u00f3 con traumatismo de cr\u00e1neo y lamentablemente este martes se produjo su muerte.&nbsp;<\/p>\n","protected":false},"excerpt":{"rendered":"<p>Se trata de un ciclista que se encontraba peleando por su vida desde el 16 de enero-&nbsp; Este marte se confirm\u00f3 el fallecimiento de un hombre que hab\u00eda sufrido un&hellip; <\/p>\n","protected":false},"author":4,"featured_media":187318,"comment_status":"closed","ping_status":"open","sticky":false,"template":"","format":"standard","meta":{"footnotes":""},"categories":[23,33],"tags":[],"class_list":["post-187311","post","type-post","status-publish","format-standard","has-post-thumbnail","hentry","category-actualidad","category-policiales"],"_links":{"self":[{"href":"https:\/\/corrientesdetarde.com\/index.php\/wp-json\/wp\/v2\/posts\/187311","targetHints":{"allow":["GET"]}}],"collection":[{"href":"https:\/\/corrientesdetarde.com\/index.php\/wp-json\/wp\/v2\/posts"}],"about":[{"href":"https:\/\/corrientesdetarde.com\/index.php\/wp-json\/wp\/v2\/types\/post"}],"author":[{"embeddable":true,"href":"https:\/\/corrientesdetarde.com\/index.php\/wp-json\/wp\/v2\/users\/4"}],"replies":[{"embeddable":true,"href":"https:\/\/corrientesdetarde.com\/index.php\/wp-json\/wp\/v2\/comments?post=187311"}],"version-history":[{"count":1,"href":"https:\/\/corrientesdetarde.com\/index.php\/wp-json\/wp\/v2\/posts\/187311\/revisions"}],"predecessor-version":[{"id":187319,"href":"https:\/\/corrientesdetarde.com\/index.php\/wp-json\/wp\/v2\/posts\/187311\/revisions\/187319"}],"wp:featuredmedia":[{"embeddable":true,"href":"https:\/\/corrientesdetarde.com\/index.php\/wp-json\/wp\/v2\/media\/187318"}],"wp:attachment":[{"href":"https:\/\/corrientesdetarde.com\/index.php\/wp-json\/wp\/v2\/media?parent=187311"}],"wp:term":[{"taxonomy":"category","embeddable":true,"href":"https:\/\/corrientesdetarde.com\/index.php\/wp-json\/wp\/v2\/categories?post=187311"},{"taxonomy":"post_tag","embeddable":true,"href":"https:\/\/corrientesdetarde.com\/index.php\/wp-json\/wp\/v2\/tags?post=187311"}],"curies":[{"name":"wp","href":"https:\/\/api.w.org\/{rel}","templated":true}]}}