{"id":187312,"date":"2025-01-28T22:50:37","date_gmt":"2025-01-29T01:50:37","guid":{"rendered":"https:\/\/corrientesdetarde.com\/?p=187312"},"modified":"2025-01-28T22:51:28","modified_gmt":"2025-01-29T01:51:28","slug":"otra-victima-de-la-patada-de-karina-milei-serenellini-volo-por-los-aires","status":"publish","type":"post","link":"https:\/\/corrientesdetarde.com\/index.php\/politica\/otra-victima-de-la-patada-de-karina-milei-serenellini-volo-por-los-aires\/","title":{"rendered":"OTRA V\u00cdCTIMA DE LA PATADA DE KARINA MILEI: SERENELLINI VOL\u00d3 POR LOS AIRES"},"content":{"rendered":"\n<p>(Corresponsal\u00eda Buenos Aires) &#8211; La maquinaria libertaria de despidos sigue su curso y esta vez el turno fue para Eduardo Serenellini, quien dej\u00f3 la Secretar\u00eda de Comunicaci\u00f3n y Prensa del Gobierno. Oficialmente, se anunci\u00f3 como una renuncia &#8220;por razones personales&#8221;, pero en los pasillos de la Casa Rosada el runr\u00fan es otro: su salida habr\u00eda sido forzada por Karina Milei, la hermana todopoderosa del Presidente.<\/p>\n\n\n\n<figure class=\"wp-block-image size-large\"><img loading=\"lazy\" decoding=\"async\" width=\"1024\" height=\"682\" src=\"https:\/\/corrientesdetarde.com\/wp-content\/uploads\/2025\/01\/karina-perrito-llao-llao-1024x682.jpeg\" alt=\"\" class=\"wp-image-187316\" srcset=\"https:\/\/corrientesdetarde.com\/wp-content\/uploads\/2025\/01\/karina-perrito-llao-llao-1024x682.jpeg 1024w, https:\/\/corrientesdetarde.com\/wp-content\/uploads\/2025\/01\/karina-perrito-llao-llao-300x200.jpeg 300w, https:\/\/corrientesdetarde.com\/wp-content\/uploads\/2025\/01\/karina-perrito-llao-llao-768x511.jpeg 768w, https:\/\/corrientesdetarde.com\/wp-content\/uploads\/2025\/01\/karina-perrito-llao-llao.jpeg 1280w\" sizes=\"auto, (max-width: 1024px) 100vw, 1024px\" \/><\/figure>\n\n\n\n<p>El periodista Lautaro Maislin revel\u00f3 detalles del trasfondo de la abrupta salida: &#8220;Alta fuente del Gobierno me confirma que &#8216;el jefe&#8217; en diciembre ya le hab\u00eda dado un mes para que deje la oficina y lo ten\u00eda que hacer la semana que viene&#8221;. Es decir, no hubo margen para una salida elegante. Serenellini no renunci\u00f3, sino que lo hicieron renunciar.<\/p>\n\n\n\n<p>UNA LISTA CADA VEZ M\u00c1S LARGA<br>El episodio de Serenellini no es aislado. Cuatro d\u00edas atr\u00e1s, otro funcionario ca\u00eda bajo el mismo mecanismo. Rodolfo Barra, ex Procurador del Tesoro, tambi\u00e9n fue obligado a dejar su puesto. Mientras el jefe de Gabinete, Guillermo Francos, intentaba instalar la versi\u00f3n de una renuncia, el vocero presidencial Manuel Adorni se encarg\u00f3 de aclarar que fue el Gobierno quien &#8220;le pidi\u00f3 la renuncia&#8221;.<\/p>\n\n\n\n<p>Desde el inicio de la gesti\u00f3n de Javier Milei, el Ejecutivo ha demostrado que la estabilidad de los funcionarios es un bien escaso. La hermana del Presidente, Karina Milei, apodada &#8220;El Jefe&#8221;, es la encargada de ejecutar cada purga sin miramientos. No hay disidencia posible, y quien ose apartarse un cent\u00edmetro de la l\u00ednea oficialista, termina despedido de un d\u00eda para el otro.<\/p>\n\n\n\n<p>Mientras la gesti\u00f3n libertaria avanza a los tumbos, la Casa Rosada se ha convertido en una suerte de ring donde las patadas de Karina Milei siguen dejando heridos en el camino. \u00bfQui\u00e9n ser\u00e1 el pr\u00f3ximo en volar por los aires?<\/p>\n","protected":false},"excerpt":{"rendered":"<p>(Corresponsal\u00eda Buenos Aires) &#8211; La maquinaria libertaria de despidos sigue su curso y esta vez el turno fue para Eduardo Serenellini, quien dej\u00f3 la Secretar\u00eda de Comunicaci\u00f3n y Prensa del&hellip; <\/p>\n","protected":false},"author":11,"featured_media":187313,"comment_status":"closed","ping_status":"open","sticky":false,"template":"","format":"standard","meta":{"footnotes":""},"categories":[26,3],"tags":[1780],"class_list":["post-187312","post","type-post","status-publish","format-standard","has-post-thumbnail","hentry","category-destacados","category-politica","tag-serenellini"],"_links":{"self":[{"href":"https:\/\/corrientesdetarde.com\/index.php\/wp-json\/wp\/v2\/posts\/187312","targetHints":{"allow":["GET"]}}],"collection":[{"href":"https:\/\/corrientesdetarde.com\/index.php\/wp-json\/wp\/v2\/posts"}],"about":[{"href":"https:\/\/corrientesdetarde.com\/index.php\/wp-json\/wp\/v2\/types\/post"}],"author":[{"embeddable":true,"href":"https:\/\/corrientesdetarde.com\/index.php\/wp-json\/wp\/v2\/users\/11"}],"replies":[{"embeddable":true,"href":"https:\/\/corrientesdetarde.com\/index.php\/wp-json\/wp\/v2\/comments?post=187312"}],"version-history":[{"count":2,"href":"https:\/\/corrientesdetarde.com\/index.php\/wp-json\/wp\/v2\/posts\/187312\/revisions"}],"predecessor-version":[{"id":187317,"href":"https:\/\/corrientesdetarde.com\/index.php\/wp-json\/wp\/v2\/posts\/187312\/revisions\/187317"}],"wp:featuredmedia":[{"embeddable":true,"href":"https:\/\/corrientesdetarde.com\/index.php\/wp-json\/wp\/v2\/media\/187313"}],"wp:attachment":[{"href":"https:\/\/corrientesdetarde.com\/index.php\/wp-json\/wp\/v2\/media?parent=187312"}],"wp:term":[{"taxonomy":"category","embeddable":true,"href":"https:\/\/corrientesdetarde.com\/index.php\/wp-json\/wp\/v2\/categories?post=187312"},{"taxonomy":"post_tag","embeddable":true,"href":"https:\/\/corrientesdetarde.com\/index.php\/wp-json\/wp\/v2\/tags?post=187312"}],"curies":[{"name":"wp","href":"https:\/\/api.w.org\/{rel}","templated":true}]}}