{"id":187321,"date":"2025-01-28T23:09:44","date_gmt":"2025-01-29T02:09:44","guid":{"rendered":"https:\/\/corrientesdetarde.com\/?p=187321"},"modified":"2025-01-28T23:09:56","modified_gmt":"2025-01-29T02:09:56","slug":"aviones-hidrantes-refuerzan-la-lucha-contra-incendios-forestales-en-corrientes","status":"publish","type":"post","link":"https:\/\/corrientesdetarde.com\/index.php\/actualidad\/aviones-hidrantes-refuerzan-la-lucha-contra-incendios-forestales-en-corrientes\/","title":{"rendered":"Aviones hidrantes refuerzan la lucha contra incendios forestales en Corrientes"},"content":{"rendered":"\n<p>El Sistema Nacional de Manejo del Fuego despleg\u00f3 4 aeronaves especializadas en Entre R\u00edos, Corrientes y Misiones para enfrentar la cr\u00edtica situaci\u00f3n generada por el calor extremo y el combustible seco.<\/p>\n\n\n\n<p>Ante el alarmante \u00edndice de peligrosidad de incendios forestales en la regi\u00f3n mesopot\u00e1mica, el Sistema Nacional de Manejo del Fuego sum\u00f3 medios a\u00e9reos para combatir la emergencia.<\/p>\n\n\n\n<p>Entre R\u00edos, Corrientes y Misiones recibieron 4 aeronaves especializadas para realizar tareas de mitigaci\u00f3n y respuesta ante los focos activos en sus territorios.<\/p>\n\n\n\n<p>En Entre R\u00edos, un avi\u00f3n hidrante AT 8T qued\u00f3 ubicado en el aeroclub de Concordia, desde donde operar\u00e1 durante la temporada estival.<\/p>\n\n\n\n<p>En el acto de recepci\u00f3n, autoridades provinciales como el director de Ordenamiento Territorial y \u00c1reas Naturales, Pablo Ace\u00f1olaza, y brigadistas locales, se reunieron con el piloto asignado, Mauro Malasisi, para planificar las estrategias de acci\u00f3n ante un escenario marcado por altas temperaturas, baja humedad y una acumulaci\u00f3n significativa de material seco altamente inflamable.<\/p>\n\n\n\n<p>&nbsp; &nbsp;&nbsp;<br>Ace\u00f1olaza destac\u00f3 que el operativo es el resultado de un trabajo conjunto entre las provincias, el gobierno nacional, organizaciones ambientalistas y productores forestales, bajo la coordinaci\u00f3n de la Asociaci\u00f3n de Colaboraci\u00f3n Empresarial (ACE).<\/p>\n\n\n\n<p>Esta colaboraci\u00f3n busca garantizar una respuesta eficiente frente a las condiciones extremas que ponen en riesgo a las comunidades y ecosistemas de la regi\u00f3n, se\u00f1alaron.<\/p>\n\n\n\n<p>El coordinador del operativo, C\u00e9sar G\u00f3mez, destac\u00f3 la importancia de la coordinaci\u00f3n nacional y provincial en la lucha contra los incendios forestales.<\/p>\n\n\n\n<p>&#8220;La disponibilidad combinada de los medios a\u00e9reos proporcionados por el sistema nacional permitir\u00e1 una acci\u00f3n de combate m\u00e1s r\u00e1pida y eficaz&#8221;, asegur\u00f3.<\/p>\n\n\n\n<p>Estas herramientas son clave en un contexto marcado por condiciones clim\u00e1ticas adversas, como temperaturas extremas, baja humedad y la abundancia de material combustible seco.<\/p>\n\n\n\n<p>En paralelo, rige hasta el 15 de febrero la prohibici\u00f3n de realizar quemas en todo el territorio provincial.<\/p>\n\n\n\n<p>Seg\u00fan lo establecido, quienes incumplan esta normativa podr\u00e1n enfrentar multas significativas y denuncias penales, ya que estas acciones no solo agravan el riesgo ambiental, sino que tambi\u00e9n representan una amenaza directa para la seguridad de las personas, propiedades p\u00fablicas y privadas.<\/p>\n\n\n\n<p>Autoridades locales pidieron a la poblaci\u00f3n a extremar las precauciones y colaborar en la prevenci\u00f3n de nuevos focos de incendio.<\/p>\n\n\n\n<p>C\u00e9sar G\u00f3mez, coordinador del operativo, destac\u00f3: &#8220;La disponibilidad combinada de los medios a\u00e9reos proporcionados por el sistema nacional permitir\u00e1 una acci\u00f3n de combate m\u00e1s r\u00e1pida y eficaz&#8221;. (Foto: Gobierno de Entre R\u00edos).<\/p>\n\n\n\n<p>En Corrientes, vastas \u00e1reas rurales de Mercedes, Curuz\u00fa Cuati\u00e1 y Paso de los Libres fueron afectadas por incendios que suman 620 focos en lo que va del a\u00f1o, seg\u00fan Defensa Civil.<\/p>\n\n\n\n<p>Si bien los equipos de emergencia, con apoyo de veh\u00edculos hidrantes a\u00e9reos, lograron contener parte del fuego, el riesgo se mantiene elevado en localidades como Tatacu\u00e1 y Paso de los Libres, donde las condiciones clim\u00e1ticas dificultan la tarea de los brigadistas.<\/p>\n","protected":false},"excerpt":{"rendered":"<p>El Sistema Nacional de Manejo del Fuego despleg\u00f3 4 aeronaves especializadas en Entre R\u00edos, Corrientes y Misiones para enfrentar la cr\u00edtica situaci\u00f3n generada por el calor extremo y el combustible&hellip; <\/p>\n","protected":false},"author":4,"featured_media":187322,"comment_status":"closed","ping_status":"open","sticky":false,"template":"","format":"standard","meta":{"footnotes":""},"categories":[23],"tags":[],"class_list":["post-187321","post","type-post","status-publish","format-standard","has-post-thumbnail","hentry","category-actualidad"],"_links":{"self":[{"href":"https:\/\/corrientesdetarde.com\/index.php\/wp-json\/wp\/v2\/posts\/187321","targetHints":{"allow":["GET"]}}],"collection":[{"href":"https:\/\/corrientesdetarde.com\/index.php\/wp-json\/wp\/v2\/posts"}],"about":[{"href":"https:\/\/corrientesdetarde.com\/index.php\/wp-json\/wp\/v2\/types\/post"}],"author":[{"embeddable":true,"href":"https:\/\/corrientesdetarde.com\/index.php\/wp-json\/wp\/v2\/users\/4"}],"replies":[{"embeddable":true,"href":"https:\/\/corrientesdetarde.com\/index.php\/wp-json\/wp\/v2\/comments?post=187321"}],"version-history":[{"count":2,"href":"https:\/\/corrientesdetarde.com\/index.php\/wp-json\/wp\/v2\/posts\/187321\/revisions"}],"predecessor-version":[{"id":187324,"href":"https:\/\/corrientesdetarde.com\/index.php\/wp-json\/wp\/v2\/posts\/187321\/revisions\/187324"}],"wp:featuredmedia":[{"embeddable":true,"href":"https:\/\/corrientesdetarde.com\/index.php\/wp-json\/wp\/v2\/media\/187322"}],"wp:attachment":[{"href":"https:\/\/corrientesdetarde.com\/index.php\/wp-json\/wp\/v2\/media?parent=187321"}],"wp:term":[{"taxonomy":"category","embeddable":true,"href":"https:\/\/corrientesdetarde.com\/index.php\/wp-json\/wp\/v2\/categories?post=187321"},{"taxonomy":"post_tag","embeddable":true,"href":"https:\/\/corrientesdetarde.com\/index.php\/wp-json\/wp\/v2\/tags?post=187321"}],"curies":[{"name":"wp","href":"https:\/\/api.w.org\/{rel}","templated":true}]}}