{"id":187339,"date":"2025-01-29T08:36:04","date_gmt":"2025-01-29T11:36:04","guid":{"rendered":"https:\/\/corrientesdetarde.com\/?p=187339"},"modified":"2025-01-29T08:36:31","modified_gmt":"2025-01-29T11:36:31","slug":"detuvieron-en-goya-a-profugo-por-violencia-de-genero-en-chaco","status":"publish","type":"post","link":"https:\/\/corrientesdetarde.com\/index.php\/policiales\/detuvieron-en-goya-a-profugo-por-violencia-de-genero-en-chaco\/","title":{"rendered":"Detuvieron en Goya a pr\u00f3fugo por violencia de g\u00e9nero en Chaco"},"content":{"rendered":"\n<p>Un sujeto sobre quien pesaba un pedido de captura por una causa penal por haber atacado a golpes a su pareja en la capital chaque\u00f1a fue atrapado ayer por efectivos de la Comisar\u00eda Primera de Goya luego de un ciberpatrullaje. Las redes sociales mediante las cuales continuaba comunic\u00e1ndose con sus allegados terminaron delatando su ubicaci\u00f3n geogr\u00e1fica. La Polic\u00eda finalmente ubic\u00f3 la casa donde se ocult\u00f3 desde noviembre, confirmaron fuentes oficiales.<\/p>\n\n\n\n<p>Todo habr\u00eda sucedido a comienzos de noviembre, cuando una joven se present\u00f3 ante la Fiscal\u00eda de Instrucci\u00f3n N\u00b05 de la ciudad de Resistencia para denunciar que hab\u00eda sido agredida brutalmente a golpes por su pareja, un sujeto de apellido Barrios, en la vivienda que compart\u00edan.<\/p>\n\n\n\n<p>&nbsp; &nbsp;&nbsp;<br>Tras el incidente, el sujeto huy\u00f3 del lugar y la Polic\u00eda no logr\u00f3 localizarlo en los sitios que frecuentaban en la vecina provincia, por lo que de inmediato iniciaron una investigaci\u00f3n para tratar de dar con su paradero. En simult\u00e1neo, solicitaron la colaboraci\u00f3n de las fuerzas de seguridad de las provincias vecinas.<\/p>\n\n\n\n<p>Una paciente investigaci\u00f3n y minucioso trabajo en conjunto entre la Polic\u00eda de Chaco y de Corrientes permiti\u00f3 el fin de semana poder geolocalizar a Barrios en la zona sur de Corrientes, m\u00e1s precisamente en la ciudad de Goya, aunque los datos no eran puntuales y para ello se necesit\u00f3 del trabajo de inteligencia de los polic\u00edas locales.<\/p>\n\n\n\n<p>El lunes finalmente personal de la Comisar\u00eda Primera de Goya logr\u00f3 identificar la vivienda donde Barrios se ocultaba desde noviembre, cuando logr\u00f3 cruzar hacia nuestra provincia. Una vez establecido su paradero y la residencia donde estaba, solo era cuesti\u00f3n de paciencia y vigilancia del inmueble para poder dar con \u00e9l y arrestarlo.<\/p>\n\n\n\n<p>Ayer por la ma\u00f1ana estos trabajos dieron sus resultados cuando una comisi\u00f3n policial lo intercept\u00f3, en pleno centro de la ciudad por calle Mitre, volviendo a la casa donde se ocultaba.<\/p>\n\n\n\n<p>Fuentes allegadas a la investigaci\u00f3n comentaron que los trabajos se vieron facilitados por la propia torpeza del sujeto, quien desde el momento que se profug\u00f3 de Chaco, jam\u00e1s dej\u00f3 de utilizar las redes sociales, permitiendo que a trav\u00e9s del ciberpatrullaje y geolocalizaci\u00f3n pudieran establecer que Barrios se encontraba en Goya. A partir de ah\u00ed comenz\u00f3 la tarea de la polic\u00eda local que en poco tiempo determin\u00f3 su ubicaci\u00f3n exacta.<\/p>\n\n\n\n<p>El detenido fue trasladado inicialmente a la Comisar\u00eda Primera de Goya y ayer mismo la Polic\u00eda de Chaco tom\u00f3 conocimiento de su arresto y coordin\u00f3 una comitiva que lleg\u00f3 para llevar a cabo el traslado y poner a Barios a disposici\u00f3n de la Justicia de esa provincia.<\/p>\n","protected":false},"excerpt":{"rendered":"<p>Un sujeto sobre quien pesaba un pedido de captura por una causa penal por haber atacado a golpes a su pareja en la capital chaque\u00f1a fue atrapado ayer por efectivos&hellip; <\/p>\n","protected":false},"author":1,"featured_media":187347,"comment_status":"closed","ping_status":"open","sticky":false,"template":"","format":"standard","meta":{"footnotes":""},"categories":[33],"tags":[],"class_list":["post-187339","post","type-post","status-publish","format-standard","has-post-thumbnail","hentry","category-policiales"],"_links":{"self":[{"href":"https:\/\/corrientesdetarde.com\/index.php\/wp-json\/wp\/v2\/posts\/187339","targetHints":{"allow":["GET"]}}],"collection":[{"href":"https:\/\/corrientesdetarde.com\/index.php\/wp-json\/wp\/v2\/posts"}],"about":[{"href":"https:\/\/corrientesdetarde.com\/index.php\/wp-json\/wp\/v2\/types\/post"}],"author":[{"embeddable":true,"href":"https:\/\/corrientesdetarde.com\/index.php\/wp-json\/wp\/v2\/users\/1"}],"replies":[{"embeddable":true,"href":"https:\/\/corrientesdetarde.com\/index.php\/wp-json\/wp\/v2\/comments?post=187339"}],"version-history":[{"count":1,"href":"https:\/\/corrientesdetarde.com\/index.php\/wp-json\/wp\/v2\/posts\/187339\/revisions"}],"predecessor-version":[{"id":187348,"href":"https:\/\/corrientesdetarde.com\/index.php\/wp-json\/wp\/v2\/posts\/187339\/revisions\/187348"}],"wp:featuredmedia":[{"embeddable":true,"href":"https:\/\/corrientesdetarde.com\/index.php\/wp-json\/wp\/v2\/media\/187347"}],"wp:attachment":[{"href":"https:\/\/corrientesdetarde.com\/index.php\/wp-json\/wp\/v2\/media?parent=187339"}],"wp:term":[{"taxonomy":"category","embeddable":true,"href":"https:\/\/corrientesdetarde.com\/index.php\/wp-json\/wp\/v2\/categories?post=187339"},{"taxonomy":"post_tag","embeddable":true,"href":"https:\/\/corrientesdetarde.com\/index.php\/wp-json\/wp\/v2\/tags?post=187339"}],"curies":[{"name":"wp","href":"https:\/\/api.w.org\/{rel}","templated":true}]}}