{"id":187345,"date":"2025-01-29T08:40:17","date_gmt":"2025-01-29T11:40:17","guid":{"rendered":"https:\/\/corrientesdetarde.com\/?p=187345"},"modified":"2025-01-29T08:40:28","modified_gmt":"2025-01-29T11:40:28","slug":"asume-valdes-en-ucr-y-el-pj-ratifica-internas","status":"publish","type":"post","link":"https:\/\/corrientesdetarde.com\/index.php\/politica\/asume-valdes-en-ucr-y-el-pj-ratifica-internas\/","title":{"rendered":"Asume Vald\u00e9s en UCR y el PJ ratifica internas"},"content":{"rendered":"\n<p>El gobernador Gustavo Vald\u00e9s asumir\u00e1 este viernes en la presidencia del Comit\u00e9 Central de la UCR Corrientes. Por otra parte, la Justicia Federal aval\u00f3 lo actuado hasta el momento por la intervenci\u00f3n del PJ para concretar las elecciones internas del 9 de marzo.<\/p>\n\n\n\n<p>Luego de haber ganado las internas de la UCR Corrientes, Gustavo Vald\u00e9s asumir\u00e1 este viernes a la presidencia del partido, junto a los dirigentes que lo acompa\u00f1aron en las listas para integrar el Comit\u00e9 Central. El acto ser\u00e1 a las 19 en el Espacio Andes, seg\u00fan inform\u00f3 UCR Capital a trav\u00e9s de sus plataformas sociales. Se espera una gran concurrencia de referentes del oficialismo provincial.<\/p>\n\n\n\n<p>Vald\u00e9s se impuso en las elecciones del pasado 22 de diciembre frente a la lista encabezada por Alejandra Seward, expresidente del Comit\u00e9 Capital. Por su parte, Claudio Polich fue ratificado al frente del mencionado comit\u00e9.<\/p>\n\n\n\n<h2 class=\"wp-block-heading\">PJ<\/h2>\n\n\n\n<p>Por otra parte, el Juez Federal subrogante del Juzgado Federal N\u00b0 1 con Competencia Electoral de Corrientes, Juan Carlos Vallejos, junto al Secretario Electoral Federal de Corrientes, Juan Jos\u00e9 Ferreira, emitieron un dictamen en el que rechazaron los planteos que intentaban frenar el proceso de normalizaci\u00f3n del PJ Corrientes.<\/p>\n\n\n\n<p>El fallo del 22 de enero de 2025 rechaz\u00f3 los planteos realizados por Ram\u00f3n Walter Araujo quien cuestionaba la conformaci\u00f3n de la Junta Electoral del Partido Justicialista, la Reglamentaci\u00f3n de la Junta Electoral, la exhibici\u00f3n digital y f\u00edsica del padr\u00f3n provisorio. El dirigente solicit\u00f3 limitar el acceso de afiliados y autoridades a la sede partidaria con custodia polic\u00edaca de Gendarmer\u00eda Nacional. Tambi\u00e9n, cuestionaba la designaci\u00f3n de autoridades partidarias como los normalizadores M\u00e1ximo Rodr\u00edguez y Teresa Garc\u00eda.<\/p>\n\n\n\n<p>El juez Vallejos determin\u00f3 que estos planteos son infundados, que no se demostr\u00f3 afectaci\u00f3n de derecho alguno y ratific\u00f3 el avance del proceso de normalizaci\u00f3n del PJ Corrientes, que el 9 de marzo elegir\u00e1 autoridades partidarias y candidatos a cargos lectivos provinciales y municipales. Los argumentos &#8220;son conjeturales y sin fundamentos&#8221;, se indica en el fallo.<\/p>\n","protected":false},"excerpt":{"rendered":"<p>El gobernador Gustavo Vald\u00e9s asumir\u00e1 este viernes en la presidencia del Comit\u00e9 Central de la UCR Corrientes. Por otra parte, la Justicia Federal aval\u00f3 lo actuado hasta el momento por&hellip; <\/p>\n","protected":false},"author":1,"featured_media":132742,"comment_status":"closed","ping_status":"open","sticky":false,"template":"","format":"standard","meta":{"footnotes":""},"categories":[3,17],"tags":[],"class_list":["post-187345","post","type-post","status-publish","format-standard","has-post-thumbnail","hentry","category-politica","category-sociales"],"_links":{"self":[{"href":"https:\/\/corrientesdetarde.com\/index.php\/wp-json\/wp\/v2\/posts\/187345","targetHints":{"allow":["GET"]}}],"collection":[{"href":"https:\/\/corrientesdetarde.com\/index.php\/wp-json\/wp\/v2\/posts"}],"about":[{"href":"https:\/\/corrientesdetarde.com\/index.php\/wp-json\/wp\/v2\/types\/post"}],"author":[{"embeddable":true,"href":"https:\/\/corrientesdetarde.com\/index.php\/wp-json\/wp\/v2\/users\/1"}],"replies":[{"embeddable":true,"href":"https:\/\/corrientesdetarde.com\/index.php\/wp-json\/wp\/v2\/comments?post=187345"}],"version-history":[{"count":1,"href":"https:\/\/corrientesdetarde.com\/index.php\/wp-json\/wp\/v2\/posts\/187345\/revisions"}],"predecessor-version":[{"id":187354,"href":"https:\/\/corrientesdetarde.com\/index.php\/wp-json\/wp\/v2\/posts\/187345\/revisions\/187354"}],"wp:featuredmedia":[{"embeddable":true,"href":"https:\/\/corrientesdetarde.com\/index.php\/wp-json\/wp\/v2\/media\/132742"}],"wp:attachment":[{"href":"https:\/\/corrientesdetarde.com\/index.php\/wp-json\/wp\/v2\/media?parent=187345"}],"wp:term":[{"taxonomy":"category","embeddable":true,"href":"https:\/\/corrientesdetarde.com\/index.php\/wp-json\/wp\/v2\/categories?post=187345"},{"taxonomy":"post_tag","embeddable":true,"href":"https:\/\/corrientesdetarde.com\/index.php\/wp-json\/wp\/v2\/tags?post=187345"}],"curies":[{"name":"wp","href":"https:\/\/api.w.org\/{rel}","templated":true}]}}