{"id":187346,"date":"2025-01-29T08:38:23","date_gmt":"2025-01-29T11:38:23","guid":{"rendered":"https:\/\/corrientesdetarde.com\/?p=187346"},"modified":"2025-01-29T08:38:35","modified_gmt":"2025-01-29T11:38:35","slug":"un-auto-perdio-el-control-y-choco-contra-un-camion-que-se-dirigia-a-goya-hay-tres-muertos","status":"publish","type":"post","link":"https:\/\/corrientesdetarde.com\/index.php\/policiales\/un-auto-perdio-el-control-y-choco-contra-un-camion-que-se-dirigia-a-goya-hay-tres-muertos\/","title":{"rendered":"Un auto perdi\u00f3 el control y choc\u00f3 contra un cami\u00f3n que se dirig\u00eda a Goya: hay tres muertos"},"content":{"rendered":"\n<p>Tres personas murieron luego de que un auto perdiera el control y chocara contra un cami\u00f3n a la altura de\u00a0Hasenkamp, Entre R\u00edos, informaron este martes fuentes policiales.\u00a0<\/p>\n\n\n\n<p><\/p>\n\n\n\n<p>Las primeras pericias habr\u00edan revelado que el accidente ocurri\u00f3 cuando el rodado de menor porte se cruz\u00f3 de carril al atravesar un espejo de agua que hab\u00eda sobre la calzada.<\/p>\n\n\n\n<p>El impacto se dio aproximadamente en el kil\u00f3metro 519 de la Ruta 12 cuando un Chevrolet Prisma, en el que iban tres personas, qued\u00f3 obligado a cambiarse de carril por el \u2018acquaplanning\u2019 despu\u00e9s de atravesar un espejo de agua formado sobre la ruta.<\/p>\n\n\n\n<p>En ese momento, el auto choc\u00f3 de frente contra un cami\u00f3n jaula Scania G340 que no llevaba carga y se dirig\u00eda a la ciudad correntina de Goya, Corrientes.<\/p>\n\n\n\n<p>Los integrantes del autom\u00f3vil, todos mayores de edad, murieron a causa del accidente, mientras que el conductor del veh\u00edculo de carga result\u00f3 ileso.<\/p>\n\n\n\n<p>Seg\u00fan revelaron las autoridades, las v\u00edctimas son tres masculinos. Dos ser\u00edan oriundos de Buenos Aires mientras que el otro estaba domiciliado en Villaguay, Entre R\u00edos.<\/p>\n\n\n\n<p>El comisario Jonathan Albornoz, Jefe de la Comisar\u00eda de Hasenkamp dialog\u00f3 con Elonce y explic\u00f3 que \u201cel accidente ocurri\u00f3 en horas del mediod\u00eda y fallecieron tres personas que viajaban en el autom\u00f3vil Chevrolet Prisma\u201d.<\/p>\n\n\n\n<p>Adem\u00e1s, cont\u00f3 que el camionero no iba solo: \u201cEl auto circulaba en sentido de La Paz hacia Paran\u00e1, mientras que, en sentido contrario, transitaba un cami\u00f3n Scania en el que se trasladaban el camionero y su esposa\u201d.<\/p>\n\n\n\n<p>\u201cAparentemente, uno de los veh\u00edculos se cruz\u00f3 de carril y en principio, se podr\u00eda deducir que habr\u00eda sido al pasar por un espejo de agua en la ruta, ya que, al momento del accidente, llov\u00eda en la zona y por eso, se habr\u00eda producido la colisi\u00f3n\u201d, concluy\u00f3 el comisario sobre lo ocurrido.<\/p>\n","protected":false},"excerpt":{"rendered":"<p>Tres personas murieron luego de que un auto perdiera el control y chocara contra un cami\u00f3n a la altura de\u00a0Hasenkamp, Entre R\u00edos, informaron este martes fuentes policiales.\u00a0 Las primeras pericias&hellip; <\/p>\n","protected":false},"author":1,"featured_media":187350,"comment_status":"closed","ping_status":"open","sticky":false,"template":"","format":"standard","meta":{"footnotes":""},"categories":[33],"tags":[],"class_list":["post-187346","post","type-post","status-publish","format-standard","has-post-thumbnail","hentry","category-policiales"],"_links":{"self":[{"href":"https:\/\/corrientesdetarde.com\/index.php\/wp-json\/wp\/v2\/posts\/187346","targetHints":{"allow":["GET"]}}],"collection":[{"href":"https:\/\/corrientesdetarde.com\/index.php\/wp-json\/wp\/v2\/posts"}],"about":[{"href":"https:\/\/corrientesdetarde.com\/index.php\/wp-json\/wp\/v2\/types\/post"}],"author":[{"embeddable":true,"href":"https:\/\/corrientesdetarde.com\/index.php\/wp-json\/wp\/v2\/users\/1"}],"replies":[{"embeddable":true,"href":"https:\/\/corrientesdetarde.com\/index.php\/wp-json\/wp\/v2\/comments?post=187346"}],"version-history":[{"count":1,"href":"https:\/\/corrientesdetarde.com\/index.php\/wp-json\/wp\/v2\/posts\/187346\/revisions"}],"predecessor-version":[{"id":187353,"href":"https:\/\/corrientesdetarde.com\/index.php\/wp-json\/wp\/v2\/posts\/187346\/revisions\/187353"}],"wp:featuredmedia":[{"embeddable":true,"href":"https:\/\/corrientesdetarde.com\/index.php\/wp-json\/wp\/v2\/media\/187350"}],"wp:attachment":[{"href":"https:\/\/corrientesdetarde.com\/index.php\/wp-json\/wp\/v2\/media?parent=187346"}],"wp:term":[{"taxonomy":"category","embeddable":true,"href":"https:\/\/corrientesdetarde.com\/index.php\/wp-json\/wp\/v2\/categories?post=187346"},{"taxonomy":"post_tag","embeddable":true,"href":"https:\/\/corrientesdetarde.com\/index.php\/wp-json\/wp\/v2\/tags?post=187346"}],"curies":[{"name":"wp","href":"https:\/\/api.w.org\/{rel}","templated":true}]}}