{"id":187412,"date":"2025-01-29T14:11:56","date_gmt":"2025-01-29T17:11:56","guid":{"rendered":"https:\/\/corrientesdetarde.com\/?p=187412"},"modified":"2025-01-29T14:12:08","modified_gmt":"2025-01-29T17:12:08","slug":"lewis-hamilton-sufrio-un-accidente-con-su-ferrari-durante-la-segunda-prueba-privada-de-la-formula-1","status":"publish","type":"post","link":"https:\/\/corrientesdetarde.com\/index.php\/deportes\/lewis-hamilton-sufrio-un-accidente-con-su-ferrari-durante-la-segunda-prueba-privada-de-la-formula-1\/","title":{"rendered":"Lewis Hamilton sufri\u00f3 un accidente con su Ferrari durante la segunda prueba privada de la F\u00f3rmula 1"},"content":{"rendered":"\n<p>La informaci\u00f3n fue confirmada por fuentes oficiales de la m\u00e1xima categor\u00eda del automovilismo. El piloto brit\u00e1nico, siete veces campe\u00f3n del mundo, acaba de sumarse a la escuder\u00eda italiana.<\/p>\n\n\n\n<p>El piloto brit\u00e1nico<strong>\u00a0Lewis Hamilton<\/strong>, siete veces campe\u00f3n del mundo,<strong>\u00a0sufri\u00f3 un accidente con su Ferrari<\/strong>\u00a0durante el segundo test privado de la\u00a0<strong>F\u00f3rmula 1<\/strong>, confirmaron las autoridades de la m\u00e1xima categor\u00eda del automovilismo.\u00a0<strong>El mismo ocurri\u00f3 en el Circuit de Barcelona-Catalunya.<\/strong><\/p>\n\n\n\n<p>\u201cHamilton<strong>&nbsp;sali\u00f3 ileso<\/strong>&nbsp;del incidente y el equipo ahora est\u00e1 trabajando arduamente para<strong>&nbsp;reparar el auto<\/strong>&nbsp;en un intento de permitir que su compa\u00f1ero de equipo Charles Leclerc complete su carrera\u201d, declararon fuentes oficiales.<\/p>\n\n\n\n<figure class=\"wp-block-image\"><img decoding=\"async\" src=\"https:\/\/tn.com.ar\/resizer\/v2\/hamilton-salio-ileso-del-incidente-informaron-desde-la-f1-foto-reuters-AGL4XYL2Z34GJH2GESKIJY47OA.jpg?auth=3cc1552c7dc939fbccdbd9809757323feb595ef045fb001292f47b207cf16b92&amp;width=767\" alt=\"\u201cHamilton sali\u00f3 ileso del incidente&quot;, informaron desde la F1 (Foto: Reuters).\"\/><\/figure>\n\n\n\n<p>El sitio oficial de la F1 dio m\u00e1s detalles al respecto: \u201cNo se cree que Ferrari est\u00e9 preocupado y considera que esto (por el accidente) como<strong>&nbsp;parte integral del proceso de adaptaci\u00f3n de un piloto a un nuevo equipo<\/strong>&nbsp;y a la exploraci\u00f3n de los l\u00edmites de su nueva maquinaria\u201d.<\/p>\n\n\n\n<p>Las pruebas privadas de Ferrari<strong>&nbsp;se realizan a puertas cerradas<\/strong>, por lo que por el momento no hay im\u00e1genes ni detalles sobre c\u00f3mo fue el incidente..<\/p>\n","protected":false},"excerpt":{"rendered":"<p>La informaci\u00f3n fue confirmada por fuentes oficiales de la m\u00e1xima categor\u00eda del automovilismo. El piloto brit\u00e1nico, siete veces campe\u00f3n del mundo, acaba de sumarse a la escuder\u00eda italiana. El piloto&hellip; <\/p>\n","protected":false},"author":8,"featured_media":187413,"comment_status":"closed","ping_status":"open","sticky":false,"template":"","format":"standard","meta":{"footnotes":""},"categories":[4],"tags":[],"class_list":["post-187412","post","type-post","status-publish","format-standard","has-post-thumbnail","hentry","category-deportes"],"_links":{"self":[{"href":"https:\/\/corrientesdetarde.com\/index.php\/wp-json\/wp\/v2\/posts\/187412","targetHints":{"allow":["GET"]}}],"collection":[{"href":"https:\/\/corrientesdetarde.com\/index.php\/wp-json\/wp\/v2\/posts"}],"about":[{"href":"https:\/\/corrientesdetarde.com\/index.php\/wp-json\/wp\/v2\/types\/post"}],"author":[{"embeddable":true,"href":"https:\/\/corrientesdetarde.com\/index.php\/wp-json\/wp\/v2\/users\/8"}],"replies":[{"embeddable":true,"href":"https:\/\/corrientesdetarde.com\/index.php\/wp-json\/wp\/v2\/comments?post=187412"}],"version-history":[{"count":1,"href":"https:\/\/corrientesdetarde.com\/index.php\/wp-json\/wp\/v2\/posts\/187412\/revisions"}],"predecessor-version":[{"id":187414,"href":"https:\/\/corrientesdetarde.com\/index.php\/wp-json\/wp\/v2\/posts\/187412\/revisions\/187414"}],"wp:featuredmedia":[{"embeddable":true,"href":"https:\/\/corrientesdetarde.com\/index.php\/wp-json\/wp\/v2\/media\/187413"}],"wp:attachment":[{"href":"https:\/\/corrientesdetarde.com\/index.php\/wp-json\/wp\/v2\/media?parent=187412"}],"wp:term":[{"taxonomy":"category","embeddable":true,"href":"https:\/\/corrientesdetarde.com\/index.php\/wp-json\/wp\/v2\/categories?post=187412"},{"taxonomy":"post_tag","embeddable":true,"href":"https:\/\/corrientesdetarde.com\/index.php\/wp-json\/wp\/v2\/tags?post=187412"}],"curies":[{"name":"wp","href":"https:\/\/api.w.org\/{rel}","templated":true}]}}