{"id":187496,"date":"2025-01-29T19:46:36","date_gmt":"2025-01-29T22:46:36","guid":{"rendered":"https:\/\/corrientesdetarde.com\/?p=187496"},"modified":"2025-01-29T19:46:47","modified_gmt":"2025-01-29T22:46:47","slug":"mas-de-400-vecinos-y-turistas-recorrieron-la-reserva-santa-catalina-en-el-2024-2","status":"publish","type":"post","link":"https:\/\/corrientesdetarde.com\/index.php\/sociales\/mas-de-400-vecinos-y-turistas-recorrieron-la-reserva-santa-catalina-en-el-2024-2\/","title":{"rendered":"M\u00e1s de 400 vecinos y turistas recorrieron la Reserva Santa Catalina en el 2024"},"content":{"rendered":"\n<p>La Municipalidad realiz\u00f3 diversas mejoras en el pulm\u00f3n verde de la ciudad que permiti\u00f3 visitas guiadas en grupos reducidos (15 a 20 personas), quienes conocieron la flora y fauna que habitan en estas 275 hect\u00e1reas. Para el 2025, se prev\u00e9 terminar la construcci\u00f3n del centro de interpretaci\u00f3n para poder abrir la reserva de lunes a domingo.<\/p>\n\n\n\n<p>La Municipalidad de Corrientes desarroll\u00f3 diversas actividades y acciones de manejo que permitieron seguir conservando, cuidando y protegiendo la Reserva Natural Santa Catalina, la primera \u00e1rea natural protegida de la ciudad. En ese marco, m\u00e1s de 400 vecinos y turistas pudieron visitarla durante el 2024 y conocer la flora y fauna que habita en este predio de 275 hect\u00e1reas.<\/p>\n\n\n\n<p>&#8220;El balance de lo que tiene que ver con el desarrollo de la Reserva Natural Santa Catalina es sumamente positivo. Pudimos tener un a\u00f1o de avances en cuanto a lo que nosotros nos propusimos, que era abrir la reserva a la comunidad&#8221;, afirm\u00f3 el secretario de Coordinaci\u00f3n de Gobierno, Hugo Calvano.<\/p>\n\n\n\n<p>El funcionario se\u00f1al\u00f3 que la gesti\u00f3n del intendente, Eduardo Tassano viene llevando adelante un trabajo constante para mejorar este espacio natural, lo que permiti\u00f3 &#8220;tener un a\u00f1o de avances con la apertura de la reserva a la comunidad&#8221;.<\/p>\n\n\n\n<p>&#8220;El objetivo se cumpli\u00f3, logramos generar visitas guiadas y participaci\u00f3n de la comunidad en distintos proyectos, y eso tambi\u00e9n es una base para lo que viene ahora en el 2025&#8221;, agreg\u00f3 Calvano.<\/p>\n\n\n\n<p>En cuanto a las mejoras que se llevaron adelante en el pulm\u00f3n verde ubicado al sur de la ciudad, el secretario de Coordinaci\u00f3n enumer\u00f3: &#8220;La ampliaci\u00f3n de nuestro inventario de flora y fauna, seguimos trabajando con el Ibone y Cecoal, logramos tambi\u00e9n avanzar en especies herb\u00e1ceas y sub herb\u00e1ceas&#8221;. Adem\u00e1s, &#8220;detectamos tres que son end\u00e9micas de Corrientes y una que est\u00e1 en peligro de extinci\u00f3n&#8221;.<\/p>\n\n\n\n<figure class=\"wp-block-image\"><img decoding=\"async\" src=\"https:\/\/www.radiodos.com.ar\/content\/bucket\/0\/254480w790h526c.jpg.webp\" alt=\"\"\/><\/figure>\n\n\n\n<p>En ese sentido, se\u00f1al\u00f3 adem\u00e1s &#8220;se empez\u00f3 a trabajar con otras instituciones, con gente que fue a hacer trabajos de fotograf\u00eda para empezar a tener nuestro propio material y documentaci\u00f3n que permita mostrar al mundo lo que tiene la reserva natural de la ciudad&#8221;.<\/p>\n\n\n\n<p>A su vez, Calvano dijo que &#8220;la reserva es estudiada por instituciones de afuera de la Argentina, han venido a estudiarla porque tenemos unos pastizales que no han padecido incendios en las peores \u00e9pocas de seca de la provincia&#8221;.<\/p>\n\n\n\n<p>La Municipalidad tambi\u00e9n realiz\u00f3 un plan de manejo ambiental en dicha zona, que incluye &#8220;la ampliaci\u00f3n de inventarios, la generaci\u00f3n de nuevos inventarios y la proyecci\u00f3n de lo que tiene que ver con senderos, para en el futuro hacer las visitas guiadas, con el plan tambi\u00e9n de cortafuegos para prevenir los incendios ante la seca o ante cualquier inclemencia o acci\u00f3n del hombre&#8221;, se\u00f1al\u00f3.<\/p>\n\n\n\n<p><strong>LA RESERVA EDUCA<\/strong><\/p>\n\n\n\n<p>El Municipio llev\u00f3 adelante el Plan la Reserva Educa durante todo el 2024. &#8220;Desde mayo empezamos con las visitas guiadas. El vecino pod\u00eda sacar en el Munibot los turnos para ir los s\u00e1bados en grupos acotados y distintos turnos porque lo que buscamos era que la experiencia sea la mejor posible, que la gu\u00eda pueda tener un v\u00ednculo con estos 15 a 20 asistentes para que puedan aprovechar esta visita, donde se les explica toda la riqueza natural, hist\u00f3rica y patrimonial que hay en la reserva&#8221;, explic\u00f3 Calvano.<\/p>\n\n\n\n<p>&#8220;Tuvimos distintos tipos de visitas, ya sea la de vecinos y turistas hasta el embajador de Alemania que recorri\u00f3 la reserva. En total, alrededor de 30 visitas guiadas con un total de 400 personas que fueron a la reserva&#8221;, detall\u00f3.<\/p>\n\n\n\n<p><strong>PROYECCI\u00d3N PARA EL 2025<\/strong><\/p>\n\n\n\n<p>El secretario de Coordinaci\u00f3n de Gobierno destac\u00f3 que el objetivo es &#8220;terminar el centro de interpretaci\u00f3n que est\u00e1 en curso y que va a ser el espacio donde vamos a poder albergar y recibir a los visitantes, darle la primera informaci\u00f3n, las primeras herramientas para recorrer la reserva y va a ser la base, la piedra fundamental, para poder generar la apertura de la reserva de lunes a lunes, como otras reservas del pa\u00eds y del mundo funcionan&#8221;.<\/p>\n\n\n\n<p>&#8220;Vamos a centrar toda la energ\u00eda en que este 2025 tengamos el centro de interpretaci\u00f3n, podamos abrir la reserva mucho m\u00e1s a la comunidad&#8221;, agreg\u00f3.<\/p>\n","protected":false},"excerpt":{"rendered":"<p>La Municipalidad realiz\u00f3 diversas mejoras en el pulm\u00f3n verde de la ciudad que permiti\u00f3 visitas guiadas en grupos reducidos (15 a 20 personas), quienes conocieron la flora y fauna que&hellip; <\/p>\n","protected":false},"author":4,"featured_media":187497,"comment_status":"closed","ping_status":"open","sticky":false,"template":"","format":"standard","meta":{"footnotes":""},"categories":[17],"tags":[],"class_list":["post-187496","post","type-post","status-publish","format-standard","has-post-thumbnail","hentry","category-sociales"],"_links":{"self":[{"href":"https:\/\/corrientesdetarde.com\/index.php\/wp-json\/wp\/v2\/posts\/187496","targetHints":{"allow":["GET"]}}],"collection":[{"href":"https:\/\/corrientesdetarde.com\/index.php\/wp-json\/wp\/v2\/posts"}],"about":[{"href":"https:\/\/corrientesdetarde.com\/index.php\/wp-json\/wp\/v2\/types\/post"}],"author":[{"embeddable":true,"href":"https:\/\/corrientesdetarde.com\/index.php\/wp-json\/wp\/v2\/users\/4"}],"replies":[{"embeddable":true,"href":"https:\/\/corrientesdetarde.com\/index.php\/wp-json\/wp\/v2\/comments?post=187496"}],"version-history":[{"count":2,"href":"https:\/\/corrientesdetarde.com\/index.php\/wp-json\/wp\/v2\/posts\/187496\/revisions"}],"predecessor-version":[{"id":187499,"href":"https:\/\/corrientesdetarde.com\/index.php\/wp-json\/wp\/v2\/posts\/187496\/revisions\/187499"}],"wp:featuredmedia":[{"embeddable":true,"href":"https:\/\/corrientesdetarde.com\/index.php\/wp-json\/wp\/v2\/media\/187497"}],"wp:attachment":[{"href":"https:\/\/corrientesdetarde.com\/index.php\/wp-json\/wp\/v2\/media?parent=187496"}],"wp:term":[{"taxonomy":"category","embeddable":true,"href":"https:\/\/corrientesdetarde.com\/index.php\/wp-json\/wp\/v2\/categories?post=187496"},{"taxonomy":"post_tag","embeddable":true,"href":"https:\/\/corrientesdetarde.com\/index.php\/wp-json\/wp\/v2\/tags?post=187496"}],"curies":[{"name":"wp","href":"https:\/\/api.w.org\/{rel}","templated":true}]}}