{"id":187500,"date":"2025-01-29T21:47:48","date_gmt":"2025-01-30T00:47:48","guid":{"rendered":"https:\/\/corrientesdetarde.com\/?p=187500"},"modified":"2025-01-29T22:18:32","modified_gmt":"2025-01-30T01:18:32","slug":"corrientes-renuncio-el-titular-de-rentas","status":"publish","type":"post","link":"https:\/\/corrientesdetarde.com\/index.php\/actualidad\/corrientes-renuncio-el-titular-de-rentas\/","title":{"rendered":"Corrientes: Renunci\u00f3 el titular de Rentas"},"content":{"rendered":"\n<p>La decisi\u00f3n fue comunicada este martes al personal del organismo.<\/p>\n\n\n\n<p>Renunci\u00f3 este martes el titular de la Direcci\u00f3n General de Rentas de la provincia de Corrientes, Fabi\u00e1n Boleas, luego de m\u00e1s de 20 a\u00f1os en el cargo.<\/p>\n\n\n\n<p>&nbsp;<br>Renunci\u00f3 este martes el titular de la Direcci\u00f3n General de Rentas de la provincia de Corrientes, Fabi\u00e1n Boleas, luego de m\u00e1s de 20 a\u00f1os en el cargo.<\/p>\n\n\n\n<p>&nbsp;<br>De acuerdo con informaci\u00f3n proporcionada por fuentes del organismo, Boleas le comunic\u00f3 este mi\u00e9rcoles al personal que dejaba el cargo luego de aceptar un ofrecimiento del Gobierno de la provincia de Entre R\u00edos, donde el titular es Rogelio Frigerio (PRO).<\/p>\n\n\n\n<p>Cultor de un perfil baj\u00edsimo pero con una cintura pol\u00edtica que le ha permitido mantenerse en equilibrio en el cargo pese a los cambios de gestiones, Boleas vuelve a su provincia natal tras brindar servicios en Rentas de Corrientes desde los inicios de los a\u00f1os 2000.<\/p>\n\n\n\n<p><br>Renunci\u00f3 este martes el titular de la Direcci\u00f3n General de Rentas de la provincia de Corrientes, Fabi\u00e1n Boleas, luego de m\u00e1s de 20 a\u00f1os en el cargo.<\/p>\n\n\n\n<p>&nbsp;<br>De acuerdo con informaci\u00f3n proporcionada por fuentes del organismo, Boleas le comunic\u00f3 este mi\u00e9rcoles al personal que dejaba el cargo luego de aceptar un ofrecimiento del Gobierno de la provincia de Entre R\u00edos, donde el titular es Rogelio Frigerio (PRO).<\/p>\n\n\n\n<p>Cultor de un perfil baj\u00edsimo pero con una cintura pol\u00edtica que le ha permitido mantenerse en equilibrio en el cargo pese a los cambios de gestiones, Boleas vuelve a su provincia natal tras brindar servicios en Rentas de Corrientes desde los inicios de los a\u00f1os 2000.<\/p>\n\n\n\n<p>De hecho, su desembarco en el cargo se produjo durante la \u00faltima intervenci\u00f3n federal a la provincia.&nbsp;<br>Renunci\u00f3 este martes el titular de la Direcci\u00f3n General de Rentas de la provincia de Corrientes, Fabi\u00e1n Boleas, luego de m\u00e1s de 20 a\u00f1os en el cargo.<\/p>\n\n\n\n<p>&nbsp;<br>De acuerdo con informaci\u00f3n proporcionada por fuentes del organismo, Boleas le comunic\u00f3 este mi\u00e9rcoles al personal que dejaba el cargo luego de aceptar un ofrecimiento del Gobierno de la provincia de Entre R\u00edos, donde el titular es Rogelio Frigerio (PRO).<\/p>\n\n\n\n<p>Cultor de un perfil baj\u00edsimo pero con una cintura pol\u00edtica que le ha permitido mantenerse en equilibrio en el cargo pese a los cambios de gestiones, Boleas vuelve a su provincia natal tras brindar servicios en Rentas de Corrientes desde los inicios de los a\u00f1os 2000.&nbsp;<\/p>\n\n\n\n<p>De hecho, su desembarco en el cargo se produjo durante la \u00faltima intervenci\u00f3n federal a la provincia.<\/p>\n\n\n\n<p>&nbsp;<br>Comienza ahora la cuenta regresiva hacia la designaci\u00f3n de un nuevo consejero directivo titular en la oficina de la avenida Poncho Verde.<\/p>\n\n\n\n<p>Mientras tanto, la cadena de mandos en la DGR se compone de tres subdirecciones: Impositiva y de fiscalizaci\u00f3n, a cargo de Alejandro Crivelli; Operativa, cuya titular es Alma Pardo y la Jur\u00eddica y de Procuraci\u00f3n Fiscal, con Luis G\u00f3mez a la cabeza.<\/p>\n","protected":false},"excerpt":{"rendered":"<p>La decisi\u00f3n fue comunicada este martes al personal del organismo. Renunci\u00f3 este martes el titular de la Direcci\u00f3n General de Rentas de la provincia de Corrientes, Fabi\u00e1n Boleas, luego de&hellip; <\/p>\n","protected":false},"author":4,"featured_media":187501,"comment_status":"closed","ping_status":"open","sticky":false,"template":"","format":"standard","meta":{"footnotes":""},"categories":[23],"tags":[],"class_list":["post-187500","post","type-post","status-publish","format-standard","has-post-thumbnail","hentry","category-actualidad"],"_links":{"self":[{"href":"https:\/\/corrientesdetarde.com\/index.php\/wp-json\/wp\/v2\/posts\/187500","targetHints":{"allow":["GET"]}}],"collection":[{"href":"https:\/\/corrientesdetarde.com\/index.php\/wp-json\/wp\/v2\/posts"}],"about":[{"href":"https:\/\/corrientesdetarde.com\/index.php\/wp-json\/wp\/v2\/types\/post"}],"author":[{"embeddable":true,"href":"https:\/\/corrientesdetarde.com\/index.php\/wp-json\/wp\/v2\/users\/4"}],"replies":[{"embeddable":true,"href":"https:\/\/corrientesdetarde.com\/index.php\/wp-json\/wp\/v2\/comments?post=187500"}],"version-history":[{"count":2,"href":"https:\/\/corrientesdetarde.com\/index.php\/wp-json\/wp\/v2\/posts\/187500\/revisions"}],"predecessor-version":[{"id":187504,"href":"https:\/\/corrientesdetarde.com\/index.php\/wp-json\/wp\/v2\/posts\/187500\/revisions\/187504"}],"wp:featuredmedia":[{"embeddable":true,"href":"https:\/\/corrientesdetarde.com\/index.php\/wp-json\/wp\/v2\/media\/187501"}],"wp:attachment":[{"href":"https:\/\/corrientesdetarde.com\/index.php\/wp-json\/wp\/v2\/media?parent=187500"}],"wp:term":[{"taxonomy":"category","embeddable":true,"href":"https:\/\/corrientesdetarde.com\/index.php\/wp-json\/wp\/v2\/categories?post=187500"},{"taxonomy":"post_tag","embeddable":true,"href":"https:\/\/corrientesdetarde.com\/index.php\/wp-json\/wp\/v2\/tags?post=187500"}],"curies":[{"name":"wp","href":"https:\/\/api.w.org\/{rel}","templated":true}]}}