{"id":187567,"date":"2025-01-30T09:35:24","date_gmt":"2025-01-30T12:35:24","guid":{"rendered":"https:\/\/corrientesdetarde.com\/?p=187567"},"modified":"2025-01-30T09:35:25","modified_gmt":"2025-01-30T12:35:25","slug":"corrientes-murieron-tres-personas-tras-el-choque-entre-un-camion-y-un-auto","status":"publish","type":"post","link":"https:\/\/corrientesdetarde.com\/index.php\/policiales\/corrientes-murieron-tres-personas-tras-el-choque-entre-un-camion-y-un-auto\/","title":{"rendered":"Corrientes: murieron tres personas tras el choque entre un cami\u00f3n y un auto"},"content":{"rendered":"\n<p>El siniestro sucedi\u00f3 el martes mediod\u00eda en el kil\u00f3metro 519 cuando un auto Chevrolet Prisma colision\u00f3 de frente con un cami\u00f3n, lo que provoc\u00f3 la muerte de los 3 ocupantes del veh\u00edculo.&nbsp;<\/p>\n\n\n\n<p>Un choque frontal entre un auto y un cami\u00f3n sobre la ruta 12 en Corrientes termin\u00f3 con tres personas fallecidas producto del brutal siniestro. La principal hip\u00f3tesis es que el rodado particular perdi\u00f3 el control por el agua en la ruta.<\/p>\n\n\n\n<p>El siniestro sucedi\u00f3 el martes al mediod\u00eda en el kil\u00f3metro 519 cuando un auto Chevrolet Prisma colision\u00f3 de frente con un cami\u00f3n, lo que provoc\u00f3 la muerte de los 3 ocupantes del veh\u00edculo.&nbsp;<\/p>\n\n\n\n<p>Aunque por el momento no hay informaci\u00f3n oficial, las primeras pericias habr\u00edan revelado que el accidente ocurri\u00f3 cuando el rodado se cruz\u00f3 de carril al atravesar un espejo de agua que hab\u00eda sobre la calzada.<\/p>\n\n\n\n<p>Al perder el control del veh\u00edculo, proveniente de la provincia de Misiones, choc\u00f3 de frente con el cami\u00f3n, el cual se dirig\u00eda hasta la ciudad correntina de Goya.<\/p>\n\n\n\n<p>Medios locales anunciaron que las tres v\u00edctimas del siniestro, las cuales todav\u00eda no fueron identificadas, murieron en el acto.<\/p>\n","protected":false},"excerpt":{"rendered":"<p>El siniestro sucedi\u00f3 el martes mediod\u00eda en el kil\u00f3metro 519 cuando un auto Chevrolet Prisma colision\u00f3 de frente con un cami\u00f3n, lo que provoc\u00f3 la muerte de los 3 ocupantes&hellip; <\/p>\n","protected":false},"author":4,"featured_media":187569,"comment_status":"closed","ping_status":"open","sticky":false,"template":"","format":"standard","meta":{"footnotes":""},"categories":[33],"tags":[],"class_list":["post-187567","post","type-post","status-publish","format-standard","has-post-thumbnail","hentry","category-policiales"],"_links":{"self":[{"href":"https:\/\/corrientesdetarde.com\/index.php\/wp-json\/wp\/v2\/posts\/187567","targetHints":{"allow":["GET"]}}],"collection":[{"href":"https:\/\/corrientesdetarde.com\/index.php\/wp-json\/wp\/v2\/posts"}],"about":[{"href":"https:\/\/corrientesdetarde.com\/index.php\/wp-json\/wp\/v2\/types\/post"}],"author":[{"embeddable":true,"href":"https:\/\/corrientesdetarde.com\/index.php\/wp-json\/wp\/v2\/users\/4"}],"replies":[{"embeddable":true,"href":"https:\/\/corrientesdetarde.com\/index.php\/wp-json\/wp\/v2\/comments?post=187567"}],"version-history":[{"count":2,"href":"https:\/\/corrientesdetarde.com\/index.php\/wp-json\/wp\/v2\/posts\/187567\/revisions"}],"predecessor-version":[{"id":187571,"href":"https:\/\/corrientesdetarde.com\/index.php\/wp-json\/wp\/v2\/posts\/187567\/revisions\/187571"}],"wp:featuredmedia":[{"embeddable":true,"href":"https:\/\/corrientesdetarde.com\/index.php\/wp-json\/wp\/v2\/media\/187569"}],"wp:attachment":[{"href":"https:\/\/corrientesdetarde.com\/index.php\/wp-json\/wp\/v2\/media?parent=187567"}],"wp:term":[{"taxonomy":"category","embeddable":true,"href":"https:\/\/corrientesdetarde.com\/index.php\/wp-json\/wp\/v2\/categories?post=187567"},{"taxonomy":"post_tag","embeddable":true,"href":"https:\/\/corrientesdetarde.com\/index.php\/wp-json\/wp\/v2\/tags?post=187567"}],"curies":[{"name":"wp","href":"https:\/\/api.w.org\/{rel}","templated":true}]}}