{"id":187572,"date":"2025-01-30T09:37:27","date_gmt":"2025-01-30T12:37:27","guid":{"rendered":"https:\/\/corrientesdetarde.com\/?p=187572"},"modified":"2025-01-30T09:37:38","modified_gmt":"2025-01-30T12:37:38","slug":"doble-homicidio-vial-en-bella-vista-el-acusado-fue-imputado-y-piden-que-siga-detenido","status":"publish","type":"post","link":"https:\/\/corrientesdetarde.com\/index.php\/policiales\/doble-homicidio-vial-en-bella-vista-el-acusado-fue-imputado-y-piden-que-siga-detenido\/","title":{"rendered":"Doble homicidio vial en Bella Vista: el acusado fue imputado y piden que siga detenido"},"content":{"rendered":"\n<p>El automovilista que atropell\u00f3 y mat\u00f3 a Miguel Leiva y Enzo Ibarra en Bella Vista fue imputado por homicidio culposo y permanece detenido. La Fiscal\u00eda solicita que siga preso mientras avanza la investigaci\u00f3n del tr\u00e1gico siniestro ocurrido el 26 de enero.<\/p>\n\n\n\n<p>El automovilista que atropell\u00f3 y mat\u00f3 a Miguel Roberto Leiva (32) y Enzo Ariel Ibarra (26) en Bella Vista fue formalmente imputado por homicidio culposo calificado por haberse dado a la fuga. Se trata de Alan Yoel Vandecaveye (26), quien se entreg\u00f3 a la polic\u00eda tras permanecer pr\u00f3fugo varias horas. La Fiscal\u00eda pidi\u00f3 que contin\u00fae detenido mientras avanza la investigaci\u00f3n.<\/p>\n\n\n\n<p><strong>El siniestro y la fuga<\/strong><\/p>\n\n\n\n<p>El hecho ocurri\u00f3 en la madrugada del domingo 26 de enero, en la intersecci\u00f3n de las calles Santiago del Estero y La Rioja. Leiva e Ibarra, compa\u00f1eros de trabajo en una farmacia, regresaban de una despedida en moto cuando fueron embestidos violentamente por un veh\u00edculo. El conductor responsable no se detuvo ni brind\u00f3 asistencia a las v\u00edctimas.<\/p>\n\n\n\n<p>Las c\u00e1maras de seguridad de la zona captaron el momento del impacto y la posterior fuga. Como consecuencia del choque, Miguel Leiva falleci\u00f3 en el acto, mientras que Enzo Ibarra fue trasladado de urgencia al Hospital Escuela Jos\u00e9 de San Mart\u00edn, en la capital correntina, donde muri\u00f3 horas despu\u00e9s.<\/p>\n\n\n\n<p><strong>Investigaci\u00f3n y detenci\u00f3n<\/strong><\/p>\n\n\n\n<p>Desde el momento del siniestro, la polic\u00eda inici\u00f3 una intensa b\u00fasqueda del conductor. Finalmente, cerca de las 14 del domingo, Vandecaveye se present\u00f3 en la Comisar\u00eda Primera de Bella Vista acompa\u00f1ado por su abogado. Qued\u00f3 detenido a disposici\u00f3n del fiscal Ram\u00f3n Alfredo Muth, quien orden\u00f3 el secuestro del veh\u00edculo involucrado y peritajes para avanzar en la causa.<\/p>\n\n\n\n<p>El fiscal imput\u00f3 formalmente a Vandecaveye por homicidio culposo calificado por la fuga y pidi\u00f3 que permanezca bajo prisi\u00f3n preventiva. Se espera que en los pr\u00f3ximos d\u00edas se realice la audiencia de medidas de coerci\u00f3n, donde se definir\u00e1 su situaci\u00f3n procesal.<\/p>\n\n\n\n<p><strong>Acompa\u00f1amiento a las familias<\/strong><\/p>\n\n\n\n<p>El tr\u00e1gico hecho dej\u00f3 una profunda conmoci\u00f3n en la comunidad de Bella Vista. En este contexto, el Ministerio P\u00fablico Fiscal dispuso la intervenci\u00f3n de la Unidad de Atenci\u00f3n y Asistencia a la V\u00edctima (UNAAVI) para acompa\u00f1ar a los familiares de las v\u00edctimas. Se destac\u00f3 que la esposa de uno de los fallecidos y la hermana del otro se encuentran embarazadas de siete meses, lo que agrava el impacto emocional del suceso.<\/p>\n\n\n\n<p>Por su parte, Soledad Leiva, hermana de Miguel, expres\u00f3 su dolor y exigi\u00f3 justicia: &#8220;En Corrientes pasa de todo, yo quiero creer en la Justicia&#8221;. Adem\u00e1s, revel\u00f3 que su hermano no sol\u00eda andar en moto y que aquella noche acept\u00f3 ser llevado por un compa\u00f1ero.<\/p>\n","protected":false},"excerpt":{"rendered":"<p>El automovilista que atropell\u00f3 y mat\u00f3 a Miguel Leiva y Enzo Ibarra en Bella Vista fue imputado por homicidio culposo y permanece detenido. La Fiscal\u00eda solicita que siga preso mientras&hellip; <\/p>\n","protected":false},"author":4,"featured_media":187573,"comment_status":"closed","ping_status":"open","sticky":false,"template":"","format":"standard","meta":{"footnotes":""},"categories":[33],"tags":[],"class_list":["post-187572","post","type-post","status-publish","format-standard","has-post-thumbnail","hentry","category-policiales"],"_links":{"self":[{"href":"https:\/\/corrientesdetarde.com\/index.php\/wp-json\/wp\/v2\/posts\/187572","targetHints":{"allow":["GET"]}}],"collection":[{"href":"https:\/\/corrientesdetarde.com\/index.php\/wp-json\/wp\/v2\/posts"}],"about":[{"href":"https:\/\/corrientesdetarde.com\/index.php\/wp-json\/wp\/v2\/types\/post"}],"author":[{"embeddable":true,"href":"https:\/\/corrientesdetarde.com\/index.php\/wp-json\/wp\/v2\/users\/4"}],"replies":[{"embeddable":true,"href":"https:\/\/corrientesdetarde.com\/index.php\/wp-json\/wp\/v2\/comments?post=187572"}],"version-history":[{"count":2,"href":"https:\/\/corrientesdetarde.com\/index.php\/wp-json\/wp\/v2\/posts\/187572\/revisions"}],"predecessor-version":[{"id":187575,"href":"https:\/\/corrientesdetarde.com\/index.php\/wp-json\/wp\/v2\/posts\/187572\/revisions\/187575"}],"wp:featuredmedia":[{"embeddable":true,"href":"https:\/\/corrientesdetarde.com\/index.php\/wp-json\/wp\/v2\/media\/187573"}],"wp:attachment":[{"href":"https:\/\/corrientesdetarde.com\/index.php\/wp-json\/wp\/v2\/media?parent=187572"}],"wp:term":[{"taxonomy":"category","embeddable":true,"href":"https:\/\/corrientesdetarde.com\/index.php\/wp-json\/wp\/v2\/categories?post=187572"},{"taxonomy":"post_tag","embeddable":true,"href":"https:\/\/corrientesdetarde.com\/index.php\/wp-json\/wp\/v2\/tags?post=187572"}],"curies":[{"name":"wp","href":"https:\/\/api.w.org\/{rel}","templated":true}]}}