{"id":187580,"date":"2025-01-30T09:52:56","date_gmt":"2025-01-30T12:52:56","guid":{"rendered":"https:\/\/corrientesdetarde.com\/?p=187580"},"modified":"2025-01-30T09:53:01","modified_gmt":"2025-01-30T12:53:01","slug":"camau-espinola-reafirma-su-giro-politico-y-busca-su-camino-electoral-en-corrientes","status":"publish","type":"post","link":"https:\/\/corrientesdetarde.com\/index.php\/politica\/camau-espinola-reafirma-su-giro-politico-y-busca-su-camino-electoral-en-corrientes\/","title":{"rendered":"CAMAU ESP\u00cdNOLA REAFIRMA SU GIRO POL\u00cdTICO Y BUSCA SU CAMINO ELECTORAL EN CORRIENTES"},"content":{"rendered":"\n<p>(Corresponsal\u00eda Buenos Aires) &#8211; El ex regatista y actual senador nacional Carlos &#8220;Camau&#8221; Esp\u00ednola dio una se\u00f1al clara sobre su futuro pol\u00edtico: est\u00e1 decidido a jugar fuerte en la carrera por la gobernaci\u00f3n de Corrientes. En un movimiento que genera expectativas, el legislador mesopot\u00e1mico se reuni\u00f3 en Casa Rosada con Santiago Caputo, el influyente asesor presidencial de Javier Milei. Al salir del encuentro, Esp\u00ednola fue contundente: &#8220;Quiero ser candidato a gobernador&#8221;.<\/p>\n\n\n\n<p>El gesto del ex deportista, que supo brillar en los Juegos Ol\u00edmpicos y luego traslad\u00f3 su carrera al terreno pol\u00edtico, se interpreta como un acercamiento a La Libertad Avanza en busca de respaldo. Sin embargo, no es la primera vez que Esp\u00ednola cambia de orientaci\u00f3n pol\u00edtica seg\u00fan el gobierno de turno. Desde sus inicios como candidato del kirchnerismo hasta su actual acercamiento al mile\u00edsmo, ha sabido acomodarse estrat\u00e9gicamente para mantenerse vigente en el poder.<\/p>\n\n\n\n<p>En los pasillos pol\u00edticos, la jugada se lee como una estrategia de mutuo beneficio. Esp\u00ednola necesita un paraguas de proyecci\u00f3n nacional que impulse su aspiraci\u00f3n a ser mandatario provincial. Milei, por su parte, podr\u00eda encontrar en el senador un aliado clave en el Congreso, sobre todo en un escenario donde cada voto resulta determinante para la aprobaci\u00f3n de sus iniciativas. Se especula con que el apoyo al oficialismo en futuras votaciones podr\u00eda ser la contrapartida de este acercamiento.<\/p>\n\n\n\n<p>El impacto de esta decisi\u00f3n a nivel provincial a\u00fan es incierto. Esp\u00ednola ha transitado por distintas aguas pol\u00edticas a lo largo de su trayectoria, desde el peronismo hasta posturas m\u00e1s independientes. Su capacidad para moverse entre diferentes espacios lo ha convertido en un pol\u00edtico vers\u00e1til. Ahora, su posible sinton\u00eda con Milei podr\u00eda reconfigurar el mapa electoral correntino, donde el radicalismo mantiene un fuerte dominio.<\/p>\n\n\n\n<p>Mientras tanto, el senador continuar\u00e1 tendiendo puentes y evaluando los pr\u00f3ximos pasos de su carrera. Su determinaci\u00f3n de competir est\u00e1 sobre la mesa. Falta saber si el oficialismo decidir\u00e1 apostar por \u00e9l o si su estrategia quedar\u00e1 librada a su propio peso pol\u00edtico en una provincia con una din\u00e1mica particular. Lo cierto es que &#8220;Camau&#8221; ya tom\u00f3 una decisi\u00f3n: quiere gobernar Corrientes, y para ello est\u00e1 dispuesto a jugar sus mejores cartas, sin importar de qu\u00e9 lado provengan los apoyos.<\/p>\n","protected":false},"excerpt":{"rendered":"<p>(Corresponsal\u00eda Buenos Aires) &#8211; El ex regatista y actual senador nacional Carlos &#8220;Camau&#8221; Esp\u00ednola dio una se\u00f1al clara sobre su futuro pol\u00edtico: est\u00e1 decidido a jugar fuerte en la carrera&hellip; <\/p>\n","protected":false},"author":11,"featured_media":179888,"comment_status":"closed","ping_status":"open","sticky":false,"template":"","format":"standard","meta":{"footnotes":""},"categories":[26,3],"tags":[2548],"class_list":["post-187580","post","type-post","status-publish","format-standard","has-post-thumbnail","hentry","category-destacados","category-politica","tag-camau"],"_links":{"self":[{"href":"https:\/\/corrientesdetarde.com\/index.php\/wp-json\/wp\/v2\/posts\/187580","targetHints":{"allow":["GET"]}}],"collection":[{"href":"https:\/\/corrientesdetarde.com\/index.php\/wp-json\/wp\/v2\/posts"}],"about":[{"href":"https:\/\/corrientesdetarde.com\/index.php\/wp-json\/wp\/v2\/types\/post"}],"author":[{"embeddable":true,"href":"https:\/\/corrientesdetarde.com\/index.php\/wp-json\/wp\/v2\/users\/11"}],"replies":[{"embeddable":true,"href":"https:\/\/corrientesdetarde.com\/index.php\/wp-json\/wp\/v2\/comments?post=187580"}],"version-history":[{"count":1,"href":"https:\/\/corrientesdetarde.com\/index.php\/wp-json\/wp\/v2\/posts\/187580\/revisions"}],"predecessor-version":[{"id":187582,"href":"https:\/\/corrientesdetarde.com\/index.php\/wp-json\/wp\/v2\/posts\/187580\/revisions\/187582"}],"wp:featuredmedia":[{"embeddable":true,"href":"https:\/\/corrientesdetarde.com\/index.php\/wp-json\/wp\/v2\/media\/179888"}],"wp:attachment":[{"href":"https:\/\/corrientesdetarde.com\/index.php\/wp-json\/wp\/v2\/media?parent=187580"}],"wp:term":[{"taxonomy":"category","embeddable":true,"href":"https:\/\/corrientesdetarde.com\/index.php\/wp-json\/wp\/v2\/categories?post=187580"},{"taxonomy":"post_tag","embeddable":true,"href":"https:\/\/corrientesdetarde.com\/index.php\/wp-json\/wp\/v2\/tags?post=187580"}],"curies":[{"name":"wp","href":"https:\/\/api.w.org\/{rel}","templated":true}]}}