{"id":187586,"date":"2025-01-30T10:00:36","date_gmt":"2025-01-30T13:00:36","guid":{"rendered":"https:\/\/corrientesdetarde.com\/?p=187586"},"modified":"2025-01-30T10:03:19","modified_gmt":"2025-01-30T13:03:19","slug":"el-absurdo-relato-de-lemoine-un-pedofilo-se-puede-autopercibir-menor-de-edad-para-zafar","status":"publish","type":"post","link":"https:\/\/corrientesdetarde.com\/index.php\/politica\/el-absurdo-relato-de-lemoine-un-pedofilo-se-puede-autopercibir-menor-de-edad-para-zafar\/","title":{"rendered":"El absurdo relato de Lemoine: &#8220;Un ped\u00f3filo se puede autopercibir menor de edad para zafar&#8221;"},"content":{"rendered":"\n<p>Seg\u00fan la diputada libertaria, que intent\u00f3 defender a Javier Milei de sus ataques a la comunidad LGTBIQ+, hay un &#8220;lobby que defiende ped\u00f3filos&#8221;.<\/p>\n\n\n\n<p>El ataque del presidente Javier Milei contra la diversidad sexual en su pol\u00e9mico discurso en el Foro de Davos contin\u00faa generando controversias y siguen apareciendo sus dirigentes en raid medi\u00e1tico intentando relativizar sus dichos, aunque en algunos casos, como el de Lilia Lemoine, parecen empeorarlo.<\/p>\n\n\n\n<p>Durante una entrevista con LN+, la exasesora de Milei y actual diputada de La Libertad Avanza (LLA) sali\u00f3 en defensa del mandatario con un discurso bastante confuso, en el que dej\u00f3 entrever que no entiende en qu\u00e9 consiste la identidad sexual.<\/p>\n\n\n\n<p>Lemoine dijo que hay un &#8220;lobby que defiende ped\u00f3filos&#8221;, en relaci\u00f3n a la comunidad LGTBIQ+, y asegur\u00f3: &#8220;\u00c9l (por el Presidente) se refiri\u00f3 a la ideolog\u00eda de g\u00e9nero&#8221;.<\/p>\n\n\n\n<p>&#8220;Hay adultos que dicen &#8220;me autopercibo como ni\u00f1o&#8221; y van zafar&#8221;, argument\u00f3 Lilia, algo que nada tiene que ver con la autopercepci\u00f3n sexual de una persona. &#8220;Termin\u00e1s teniendo un adulto mayor en un ba\u00f1o donde hay ni\u00f1os&#8221;, ampli\u00f3, ante la mirada at\u00f3nita de los presentes en el estudio, aunque ninguno de los periodistas la corrigi\u00f3.<\/p>\n\n\n\n<p>Si bien suena completamente absurdo, el de Lilia es el mismo relato que utiliz\u00f3 el bi\u00f3grafo de Milei, Nicol\u00e1s M\u00e1rquez, tambi\u00e9n para defender al mandatario de sus dichos en Davos.<\/p>\n\n\n\n<p>Seg\u00fan la diputada libertaria, Milei &#8220;jam\u00e1s dijo que los homosexuales son ped\u00f3filos y tampoco que alguien que nace hombre no puede autopercibirse mujer&#8221;, y agreg\u00f3: &#8220;Lo que dijo es que no hay que usar la ideolog\u00eda de g\u00e9nero para corromper menores&#8221;.<\/p>\n\n\n\n<p>En la misma l\u00ednea, la legisladora apunt\u00f3 contra la hormonizaci\u00f3n de ni\u00f1os. &#8220;Desde mi punto de vista, si vos como Estado est\u00e1s obligando a padres de menores a que conscientan a un menor a hormonarse, est\u00e1s consistiendo abuso infantil&#8221;, sostuvo.<\/p>\n\n\n\n<p>&#8220;El Gobierno de la Ciudad de Buenos Aires consciente que los padres no puedan evitar que sus hijos se hormonen: agreg\u00f3 Lilia.<\/p>\n","protected":false},"excerpt":{"rendered":"<p>Seg\u00fan la diputada libertaria, que intent\u00f3 defender a Javier Milei de sus ataques a la comunidad LGTBIQ+, hay un &#8220;lobby que defiende ped\u00f3filos&#8221;. El ataque del presidente Javier Milei contra&hellip; <\/p>\n","protected":false},"author":4,"featured_media":187587,"comment_status":"closed","ping_status":"open","sticky":false,"template":"","format":"standard","meta":{"footnotes":""},"categories":[3],"tags":[],"class_list":["post-187586","post","type-post","status-publish","format-standard","has-post-thumbnail","hentry","category-politica"],"_links":{"self":[{"href":"https:\/\/corrientesdetarde.com\/index.php\/wp-json\/wp\/v2\/posts\/187586","targetHints":{"allow":["GET"]}}],"collection":[{"href":"https:\/\/corrientesdetarde.com\/index.php\/wp-json\/wp\/v2\/posts"}],"about":[{"href":"https:\/\/corrientesdetarde.com\/index.php\/wp-json\/wp\/v2\/types\/post"}],"author":[{"embeddable":true,"href":"https:\/\/corrientesdetarde.com\/index.php\/wp-json\/wp\/v2\/users\/4"}],"replies":[{"embeddable":true,"href":"https:\/\/corrientesdetarde.com\/index.php\/wp-json\/wp\/v2\/comments?post=187586"}],"version-history":[{"count":1,"href":"https:\/\/corrientesdetarde.com\/index.php\/wp-json\/wp\/v2\/posts\/187586\/revisions"}],"predecessor-version":[{"id":187588,"href":"https:\/\/corrientesdetarde.com\/index.php\/wp-json\/wp\/v2\/posts\/187586\/revisions\/187588"}],"wp:featuredmedia":[{"embeddable":true,"href":"https:\/\/corrientesdetarde.com\/index.php\/wp-json\/wp\/v2\/media\/187587"}],"wp:attachment":[{"href":"https:\/\/corrientesdetarde.com\/index.php\/wp-json\/wp\/v2\/media?parent=187586"}],"wp:term":[{"taxonomy":"category","embeddable":true,"href":"https:\/\/corrientesdetarde.com\/index.php\/wp-json\/wp\/v2\/categories?post=187586"},{"taxonomy":"post_tag","embeddable":true,"href":"https:\/\/corrientesdetarde.com\/index.php\/wp-json\/wp\/v2\/tags?post=187586"}],"curies":[{"name":"wp","href":"https:\/\/api.w.org\/{rel}","templated":true}]}}