{"id":187645,"date":"2025-01-30T11:45:48","date_gmt":"2025-01-30T14:45:48","guid":{"rendered":"https:\/\/corrientesdetarde.com\/?p=187645"},"modified":"2025-01-30T11:45:53","modified_gmt":"2025-01-30T14:45:53","slug":"las-expectativas-de-inflacion-disminuyeron-a-412-para-2025","status":"publish","type":"post","link":"https:\/\/corrientesdetarde.com\/index.php\/economia\/las-expectativas-de-inflacion-disminuyeron-a-412-para-2025\/","title":{"rendered":"Las expectativas de inflaci\u00f3n disminuyeron a 41,2% para 2025"},"content":{"rendered":"\n<h2 class=\"wp-block-heading\">Descendieron casi 4 puntos con relaci\u00f3n al mes pasado.<\/h2>\n\n\n\n<p><strong>Las expectativas de inflaci\u00f3n disminuyeron a 41.2% para los pr\u00f3ximos 12 meses,<\/strong>&nbsp;el nivel m\u00e1s bajo desde abril de 2020, seg\u00fan la encuesta mensual que realiza la Universidad Di Tella.<\/p>\n\n\n\n<p>En tanto, la mediana (n\u00famero que deja por encima y por debajo la misma cantidad de respuestas) se mantiene en 30%.<\/p>\n\n\n\n<p>Esta medici\u00f3n muestra&nbsp;<strong>una baja en comparaci\u00f3n con el mes anterior<\/strong>, donde el promedio se ubicaba en 45%.<\/p>\n\n\n\n<p>Adem\u00e1s, la encuesta revela una ca\u00edda en las expectativas de inflaci\u00f3n a 30 d\u00edas, con un promedio de 4,25% y una mediana del 3%, indicando una disminuci\u00f3n respecto a diciembre, cuando el promedio fue de 6,61% y la mediana de 5%.<\/p>\n\n\n\n<p>La encuesta tambi\u00e9n muestra una ca\u00edda en todas las regiones del pa\u00eds, con el interior registrando la menor expectativa de inflaci\u00f3n.<\/p>\n\n\n\n<p>Los datos fueron recogidos entre el 2 y el 15 de enero de 2025. El estudio se basa en un&nbsp;<strong>muestreo de 1000 casos en todo el pa\u00eds,<\/strong>&nbsp;y se centra en la expectativa individual sobre el aumento generalizado de precios.<\/p>\n\n\n\n<p>Por regiones,&nbsp;<strong>el Interior reporta las expectativas de inflaci\u00f3n anual m\u00e1s bajas con 38,8%,<\/strong>&nbsp;seguido por GBA con 44,5% y CABA con 47,6%. Los valores de las tres regiones son menores en comparaci\u00f3n con diciembre (40,6%, 52,2% y 50%, respectivamente).<\/p>\n\n\n\n<p>Por ingresos, las expectativas disminuyeron para ambos niveles. Para los hogares de menores ingresos, las expectativas pasaron de 47% a 41,2% este mes. De igual modo, para los hogares de mayores ingresos se observa una ca\u00edda, pasando de 43,8% en diciembre a 41,3% en enero.<\/p>\n\n\n\n<p>En cuanto a la inflaci\u00f3n esperada para los pr\u00f3ximos 30 d\u00edas, en enero se observa una disminuci\u00f3n respecto a diciembre. El promedio se ubica en 4,25% y la mediana se ubica en 3%. En diciembre el promedio se ubic\u00f3 en 6,61%.<\/p>\n","protected":false},"excerpt":{"rendered":"<p>Descendieron casi 4 puntos con relaci\u00f3n al mes pasado. Las expectativas de inflaci\u00f3n disminuyeron a 41.2% para los pr\u00f3ximos 12 meses,&nbsp;el nivel m\u00e1s bajo desde abril de 2020, seg\u00fan la&hellip; <\/p>\n","protected":false},"author":4,"featured_media":187646,"comment_status":"closed","ping_status":"open","sticky":false,"template":"","format":"standard","meta":{"footnotes":""},"categories":[20],"tags":[],"class_list":["post-187645","post","type-post","status-publish","format-standard","has-post-thumbnail","hentry","category-economia"],"_links":{"self":[{"href":"https:\/\/corrientesdetarde.com\/index.php\/wp-json\/wp\/v2\/posts\/187645","targetHints":{"allow":["GET"]}}],"collection":[{"href":"https:\/\/corrientesdetarde.com\/index.php\/wp-json\/wp\/v2\/posts"}],"about":[{"href":"https:\/\/corrientesdetarde.com\/index.php\/wp-json\/wp\/v2\/types\/post"}],"author":[{"embeddable":true,"href":"https:\/\/corrientesdetarde.com\/index.php\/wp-json\/wp\/v2\/users\/4"}],"replies":[{"embeddable":true,"href":"https:\/\/corrientesdetarde.com\/index.php\/wp-json\/wp\/v2\/comments?post=187645"}],"version-history":[{"count":1,"href":"https:\/\/corrientesdetarde.com\/index.php\/wp-json\/wp\/v2\/posts\/187645\/revisions"}],"predecessor-version":[{"id":187647,"href":"https:\/\/corrientesdetarde.com\/index.php\/wp-json\/wp\/v2\/posts\/187645\/revisions\/187647"}],"wp:featuredmedia":[{"embeddable":true,"href":"https:\/\/corrientesdetarde.com\/index.php\/wp-json\/wp\/v2\/media\/187646"}],"wp:attachment":[{"href":"https:\/\/corrientesdetarde.com\/index.php\/wp-json\/wp\/v2\/media?parent=187645"}],"wp:term":[{"taxonomy":"category","embeddable":true,"href":"https:\/\/corrientesdetarde.com\/index.php\/wp-json\/wp\/v2\/categories?post=187645"},{"taxonomy":"post_tag","embeddable":true,"href":"https:\/\/corrientesdetarde.com\/index.php\/wp-json\/wp\/v2\/tags?post=187645"}],"curies":[{"name":"wp","href":"https:\/\/api.w.org\/{rel}","templated":true}]}}