{"id":187653,"date":"2025-01-30T11:54:01","date_gmt":"2025-01-30T14:54:01","guid":{"rendered":"https:\/\/corrientesdetarde.com\/?p=187653"},"modified":"2025-01-30T11:54:13","modified_gmt":"2025-01-30T14:54:13","slug":"todo-preparado-para-el-inicio-de-los-carnavales-barriales-en-la-costanera-sur","status":"publish","type":"post","link":"https:\/\/corrientesdetarde.com\/index.php\/locales\/todo-preparado-para-el-inicio-de-los-carnavales-barriales-en-la-costanera-sur\/","title":{"rendered":"Todo preparado para el inicio de los Carnavales Barriales en la Costanera Sur"},"content":{"rendered":"\n<p><em>Organizado por la Municipalidad, este viernes 31 de enero, a partir de las 20, se realizar\u00e1 el primer desfile de comparsas, agrupaciones musicales y humor\u00edsticas de la edici\u00f3n 2025 de los Carnavales Barriales. M\u00e1s de 2 mil comparseros desfilar\u00e1n por este espacio emblem\u00e1tico de la ciudad, donde tambi\u00e9n tendr\u00e1 lugar la noche de cierre. Desde las 18 habr\u00e1 restricciones a la circulaci\u00f3n vehicular por la zona.<\/em><\/p>\n\n\n\n<figure class=\"wp-block-embed is-type-video is-provider-youtube wp-block-embed-youtube wp-embed-aspect-16-9 wp-has-aspect-ratio\"><div class=\"wp-block-embed__wrapper\">\n<iframe loading=\"lazy\" title=\"Todo preparado para el inicio de los Carnavales Barriales 2025 en la Costanera Sur\" width=\"1110\" height=\"624\" src=\"https:\/\/www.youtube.com\/embed\/lYAFzLqE7Zc?feature=oembed\" frameborder=\"0\" allow=\"accelerometer; autoplay; clipboard-write; encrypted-media; gyroscope; picture-in-picture; web-share\" referrerpolicy=\"strict-origin-when-cross-origin\" allowfullscreen><\/iframe>\n<\/div><\/figure>\n\n\n\n<p>Correntinos y visitantes podr\u00e1n disfrutar ocho noches de Carnavales Barriales en diferentes puntos de la Capital. La gran inauguraci\u00f3n ser\u00e1 este viernes 31 de enero en la Costanera Sur \u201cJuan Pablo II\u201d, a partir de las 20, con la participaci\u00f3n de 26 comparsas, agrupaciones musicales y humor\u00edsticas. Este a\u00f1o, en la edici\u00f3n homenaje a Pedro del Prado, uno de los fundadores de Camba Cua Show, desfilar\u00e1n m\u00e1s de 2 mil comparseros.<br><br>El secretario de Cultura y Educaci\u00f3n, Jos\u00e9 Sand, asegur\u00f3:\u00a0\u00a0&#8220;Ya tenemos todo preparado para empezar a vivir esta nueva edici\u00f3n con gran expectativa. Hemos trabajado intensamente en la organizaci\u00f3n y el acompa\u00f1amiento de las comparsas y comparseros, quienes son los verdaderos protagonistas de estas ocho noches de celebraci\u00f3n&#8221;.\u00a0<br><\/p>\n\n\n\n<figure class=\"wp-block-image size-full\"><img loading=\"lazy\" decoding=\"async\" width=\"674\" height=\"897\" src=\"https:\/\/corrientesdetarde.com\/wp-content\/uploads\/2025\/01\/image-699.png\" alt=\"\" class=\"wp-image-187654\" srcset=\"https:\/\/corrientesdetarde.com\/wp-content\/uploads\/2025\/01\/image-699.png 674w, https:\/\/corrientesdetarde.com\/wp-content\/uploads\/2025\/01\/image-699-225x300.png 225w\" sizes=\"auto, (max-width: 674px) 100vw, 674px\" \/><\/figure>\n\n\n\n<p><br>Destac\u00f3 adem\u00e1s que este a\u00f1o &#8220;celebramos los 25 a\u00f1os de los Carnavales Barriales en competencia y de su modalidad itinerante, lo que nos permite llegar a m\u00e1s barrios y estar m\u00e1s cerca de la comunidad&#8221;.<br><br>En esta edici\u00f3n, esta fiesta popular contar\u00e1 con la participaci\u00f3n de 26 comparsas y m\u00e1s de 2.000 integrantes que llenar\u00e1n las calles de ritmo, color y alegr\u00eda.\u00a0<br><br>Como novedad, se suma una noche en el barrio Laguna Brava (sin competencia), respondiendo al pedido de los vecinos de la zona, y la apertura en la Costanera Sur, un espacio emblem\u00e1tico pensado tambi\u00e9n en el turismo. &#8220;Quer\u00edamos un lugar de f\u00e1cil acceso para que los visitantes puedan disfrutar de una de las expresiones culturales m\u00e1s genuinas de nuestra ciudad&#8221;, agreg\u00f3 el funcionario.<\/p>\n\n\n\n<figure class=\"wp-block-image size-large\"><img loading=\"lazy\" decoding=\"async\" width=\"1024\" height=\"686\" src=\"https:\/\/corrientesdetarde.com\/wp-content\/uploads\/2025\/01\/image-700-1024x686.png\" alt=\"\" class=\"wp-image-187655\" srcset=\"https:\/\/corrientesdetarde.com\/wp-content\/uploads\/2025\/01\/image-700-1024x686.png 1024w, https:\/\/corrientesdetarde.com\/wp-content\/uploads\/2025\/01\/image-700-300x201.png 300w, https:\/\/corrientesdetarde.com\/wp-content\/uploads\/2025\/01\/image-700-768x514.png 768w, https:\/\/corrientesdetarde.com\/wp-content\/uploads\/2025\/01\/image-700.png 1241w\" sizes=\"auto, (max-width: 1024px) 100vw, 1024px\" \/><\/figure>\n\n\n\n<p><br><br>El secretario llam\u00f3 a la solidaridad y al respeto para garantizar un ambiente amigable y familiar. &#8220;Queremos que cada noche de desfile sea m\u00e1gica y que se viva con la energ\u00eda y el brillo de nuestros comparseros. Invitamos a todos a sumarse con responsabilidad y alegr\u00eda&#8221;, expres\u00f3 Sand.<br><br>La entrada a todas las noches de los Carnavales Barriales ser\u00e1 libre y gratuita. Se solicita al p\u00fablico evitar el ingreso con envases de vidrio y respetar las medidas de seguridad establecidas por la Polic\u00eda de Corrientes en los accesos a cada desfile barrial.\u00a0<br><br>En esta noche inagural, el Cors\u00f3dromo se establecer\u00e1 desde la calle Lamadrid hasta Lavalle. El acceso para personas con discapacidad ser\u00e1 por avenida Costanera Juan Pablo II y Necochea y habr\u00e1 transmisi\u00f3n en vivo por las redes oficiales de la Municipalidad durante todas las noches.<br><br>Se trata de uno de los eventos m\u00e1s importante de la ciudad, uniendo a vecinos y familias en una gran fiesta popular. Por tal motivo, este a\u00f1o participar\u00e1n cinco comparsas invitadas. Habr\u00e1 cinco comparsas en Categor\u00eda A y siete en Categor\u00eda B; cuatro agrupaciones musicales (3 en competencia y una invitada en competencia), tres comparsas humor\u00edsticas de payasos, tres comparsas humor\u00edsticas de disfraces y el infaltable Dr\u00e1cula en la categor\u00eda \u201cMascar\u00e1 suelta\u201d. El jurado estar\u00e1 integrado por destacadas figuras de Corrientes y provincias vecinas que se acercar\u00e1n a disfrutar del desfile de Momo en suelo taragui.<\/p>\n\n\n\n<figure class=\"wp-block-image size-large\"><img loading=\"lazy\" decoding=\"async\" width=\"1024\" height=\"768\" src=\"https:\/\/corrientesdetarde.com\/wp-content\/uploads\/2025\/01\/image-701-1024x768.png\" alt=\"\" class=\"wp-image-187656\" srcset=\"https:\/\/corrientesdetarde.com\/wp-content\/uploads\/2025\/01\/image-701-1024x768.png 1024w, https:\/\/corrientesdetarde.com\/wp-content\/uploads\/2025\/01\/image-701-300x225.png 300w, https:\/\/corrientesdetarde.com\/wp-content\/uploads\/2025\/01\/image-701-768x576.png 768w, https:\/\/corrientesdetarde.com\/wp-content\/uploads\/2025\/01\/image-701.png 1213w\" sizes=\"auto, (max-width: 1024px) 100vw, 1024px\" \/><\/figure>\n\n\n\n<p><br><br>De acuerdo al cronograma, de la primera noche participar\u00e1n: Ara Por\u00e1, Imperial, Aram\u00fa, Osiris, Mitha Jorhu, Bella Esperanza, Belleza Unida, Camba Cua Show, Yas\u00ed Taragui, Taragui Por\u00e1, Fantas\u00eda, Porto Carioca, Renacer, Resplandor del Litoral, Sarava, Samba Pasi\u00f3n, Rub\u00ed Show, Am\u00e9rica, Las Traviesas, La jaula de las locas, Furia Loca, Los Dandys, Mita Por\u00e1,\u00a0\u00a0\u00a0\u00a0\u00a0Payasos del Cacique, Dr\u00e1cula, \u00d1ande Mbaret\u00e9, Centro de Jubilados de la provincia de Corrientes, Yas\u00ed Ber\u00e1 ( Riachuelo), Ara Bah\u00eda (barrio Santa Margarita), Las chicas de la calle.<br><br>OPERATIVO DE TR\u00c1NSITO<br><br>El dispositivo de seguridad vial de la primera noche de los corsos barriales se realizar\u00e1 en el tramo comprendido por la calle Lamadrid hasta Lavalle.\u00a0<br><br>El desfile de comparsas ser\u00e1 por la avenida Juan Pablo Il desde la calle Las Heras hasta la calle General Paz. La concentraci\u00f3n en Lamadrid y las Heras y la desconcentraci\u00f3n desde General Paz hacia calle Lavalle.\u00a0<br><br>Entre tanto, las salidas de emergencia se establecer\u00e1n en tres zonas: calle Necochea hacia Elias Abad; calle Lavalle hacia Elias Abad y avenida Jorge Romero hacia Elias Abad.<br><br>Habr\u00e1 restricciones a la circulaci\u00f3n vehicular, estableciendo cortes y desv\u00edos del tr\u00e1nsito a partir de las 18.00 en todas las calles y avenidas que circundan al circuito de desfile.<br><br>Al respecto, la subsecretar\u00eda de Tr\u00e1nsito y Seguridad Vial inform\u00f3 que para mantener la organizaci\u00f3n y fluidez de la circulaci\u00f3n habr\u00e1 agentes de tr\u00e1nsito en diferentes puntos, indicando a los conductores el sentido de los desv\u00edos y cortes que se har\u00e1n en las siguientes intersecciones: avenida \u00a03 de Abril y avenida Juan Pablo ll; avenida Juan Pablo ll y Lavalle; Esio Silveira y Lavalle; Perpetua Mar\u00eda Llano y Lavalle; General Paz y Diaz de Vivar; \u00a0Necochea y Diaz de Vivar; Necochea y Cerrito; Las Heras y avenida Juan Pablo ll; Lamadrid y avenida Juan Pablo ll; avenida Juan Pablo ll y avenida Jorge Romero; avenida Jorge Romero y Suipacha.<br><br>CRONOGRAMA<br><br>Viernes 31 de enero \u2013 Apertura: Avenida Costanera Sur<br><br>Martes 4 de febrero &#8211; Ba\u00f1ado Norte<br><br>Jueves 6 de febrero &#8211; Barrio Industrial<br><br>Martes 11 de febrero &#8211; Barrio 17 de agosto<br><br>Jueves 13 de febrero &#8211; Barrio 1000 Viviendas<br><br>Domingo 16 de febrero &#8211; Barrio Laguna Brava<br><br>Martes 18 de febrero &#8211; Barrio Juan de Vera<br><br>Jueves 20 de febrero &#8211; Cierre. Avenida Costanera Sur<\/p>\n","protected":false},"excerpt":{"rendered":"<p>Organizado por la Municipalidad, este viernes 31 de enero, a partir de las 20, se realizar\u00e1 el primer desfile de comparsas, agrupaciones musicales y humor\u00edsticas de la edici\u00f3n 2025 de&hellip; <\/p>\n","protected":false},"author":4,"featured_media":187657,"comment_status":"closed","ping_status":"open","sticky":false,"template":"","format":"standard","meta":{"footnotes":""},"categories":[8],"tags":[],"class_list":["post-187653","post","type-post","status-publish","format-standard","has-post-thumbnail","hentry","category-locales"],"_links":{"self":[{"href":"https:\/\/corrientesdetarde.com\/index.php\/wp-json\/wp\/v2\/posts\/187653","targetHints":{"allow":["GET"]}}],"collection":[{"href":"https:\/\/corrientesdetarde.com\/index.php\/wp-json\/wp\/v2\/posts"}],"about":[{"href":"https:\/\/corrientesdetarde.com\/index.php\/wp-json\/wp\/v2\/types\/post"}],"author":[{"embeddable":true,"href":"https:\/\/corrientesdetarde.com\/index.php\/wp-json\/wp\/v2\/users\/4"}],"replies":[{"embeddable":true,"href":"https:\/\/corrientesdetarde.com\/index.php\/wp-json\/wp\/v2\/comments?post=187653"}],"version-history":[{"count":2,"href":"https:\/\/corrientesdetarde.com\/index.php\/wp-json\/wp\/v2\/posts\/187653\/revisions"}],"predecessor-version":[{"id":187659,"href":"https:\/\/corrientesdetarde.com\/index.php\/wp-json\/wp\/v2\/posts\/187653\/revisions\/187659"}],"wp:featuredmedia":[{"embeddable":true,"href":"https:\/\/corrientesdetarde.com\/index.php\/wp-json\/wp\/v2\/media\/187657"}],"wp:attachment":[{"href":"https:\/\/corrientesdetarde.com\/index.php\/wp-json\/wp\/v2\/media?parent=187653"}],"wp:term":[{"taxonomy":"category","embeddable":true,"href":"https:\/\/corrientesdetarde.com\/index.php\/wp-json\/wp\/v2\/categories?post=187653"},{"taxonomy":"post_tag","embeddable":true,"href":"https:\/\/corrientesdetarde.com\/index.php\/wp-json\/wp\/v2\/tags?post=187653"}],"curies":[{"name":"wp","href":"https:\/\/api.w.org\/{rel}","templated":true}]}}