{"id":187661,"date":"2025-01-30T12:33:08","date_gmt":"2025-01-30T15:33:08","guid":{"rendered":"https:\/\/corrientesdetarde.com\/?p=187661"},"modified":"2025-01-30T12:33:20","modified_gmt":"2025-01-30T15:33:20","slug":"con-multiples-propuestas-la-colonia-de-vacaciones-municipal-suma-adeptos-entre-los-adultos-mayores","status":"publish","type":"post","link":"https:\/\/corrientesdetarde.com\/index.php\/sociales\/con-multiples-propuestas-la-colonia-de-vacaciones-municipal-suma-adeptos-entre-los-adultos-mayores\/","title":{"rendered":"Con m\u00faltiples propuestas, la colonia de vacaciones municipal suma adeptos entre los adultos mayores"},"content":{"rendered":"\n<p><em>En las instalaciones del Club Tel\u00e9fonos Corrientes, la Municipalidad de Corrientes puso en marcha la colonia de vacaciones gratuitas para adultos mayores. M\u00e1s de 400 personas se sumaron a este espacio recreativo, de integraci\u00f3n y disfrute. Se desarrollan diversas actividades de esparcimiento, deportivas y l\u00fadicas, coordinadas por un grupo de profesores especializados.<\/em><\/p>\n\n\n\n<p>Con mucho entusiasmo por parte de los participantes, comenz\u00f3 la colonia de vacaciones para adultos mayores organizada por la Municipalidad de Corrientes. M\u00e1s de 400 personas se inscribieron a esta propuesta recreativa e integradora totalmente gratuita que tendr\u00e1 continuidad hasta el 28 de febrero. Las actividades tienen lugar en el Club Tel\u00e9fonos Corrientes.<br><br>La directora general de Adultos Mayores, Celina Thones, se\u00f1al\u00f3 que \u201cla colonia de vacaciones se desarrolla en dos grupos: uno los d\u00edas martes y jueves, y el otro los mi\u00e9rcoles y viernes, ambos en horario de 8 a 12\u201d. Y si bien ya se pusieron en marcha las actividades \u201ctodav\u00eda siguen sum\u00e1ndose interesados en participar, que llegan hasta nuestra oficina para solicitar la ficha de inscripci\u00f3n\u201d, agreg\u00f3.<br><br>La funcionaria remarc\u00f3 que el \u00fanico requisito para ser parte de esta propuesta recreativa es \u201ctener 60 a\u00f1os en adelante y contar con la ficha m\u00e9dica que lo habilita a ingresar a las piletas\u201d. Adem\u00e1s de disfrutar de la actividad acu\u00e1tica, Thones se\u00f1al\u00f3 que \u201crealizan actividades f\u00edsicas, yoga, juegos de cartas en el sal\u00f3n, baile, manualidades y ya comienzan a preparar sus coreograf\u00edas que presentar\u00e1n al cierre de la colonia por cada grupo\u201d.<br><br>Tal como se mencion\u00f3, todas las actividades son supervisadas por profesores especializados. Una de ellas, Claudia Gonz\u00e1lez, de educaci\u00f3n f\u00edsica, cont\u00f3 que durante los d\u00edas de colonia \u201clos adultos mayores hacen aquagym, actividades f\u00edsicas, terapia cognitiva, desarrollan coreograf\u00edas, bailes, y otras propuestas de manualidades\u201d. Tambi\u00e9n se suman a clases de yoga y de folklore, acot\u00f3.<br><br>Finalmente, Thones mencion\u00f3 si alguna persona a\u00fan est\u00e1 interesada en sumarse, puede acercarse a la oficina de calle Catamarca 771, en horario de 8 a 12, para retirar la ficha que deber\u00e1 ser completada por un m\u00e9dico. Adem\u00e1s, adelant\u00f3 que a partir de marzo comenzar\u00e1n las actividades gratuitas en los Centros Integrados de Adultos Mayores (CIAM) ubicados en 26 barrios de la ciudad.<\/p>\n\n\n\n<p><a href=\"https:\/\/ciudaddecorrientes.us12.list-manage.com\/track\/click?u=253e4bcff71216c6af771c3c9&amp;id=479fae0891&amp;e=17643edfa8\" target=\"_blank\" rel=\"noreferrer noopener\">NOTA TV.<\/a><br>Celina Thones, directora general de Adultos Mayores; Claudia Gonz\u00e1lez, profesora&nbsp;de educaci\u00f3n f\u00edsica.<\/p>\n\n\n\n<figure class=\"wp-block-image size-large\"><img loading=\"lazy\" decoding=\"async\" width=\"1024\" height=\"682\" src=\"https:\/\/corrientesdetarde.com\/wp-content\/uploads\/2025\/01\/image-703-1024x682.png\" alt=\"\" class=\"wp-image-187663\" srcset=\"https:\/\/corrientesdetarde.com\/wp-content\/uploads\/2025\/01\/image-703-1024x682.png 1024w, https:\/\/corrientesdetarde.com\/wp-content\/uploads\/2025\/01\/image-703-300x200.png 300w, https:\/\/corrientesdetarde.com\/wp-content\/uploads\/2025\/01\/image-703-768x512.png 768w, https:\/\/corrientesdetarde.com\/wp-content\/uploads\/2025\/01\/image-703.png 1280w\" sizes=\"auto, (max-width: 1024px) 100vw, 1024px\" \/><\/figure>\n\n\n\n<figure class=\"wp-block-image size-large\"><img loading=\"lazy\" decoding=\"async\" width=\"1024\" height=\"682\" src=\"https:\/\/corrientesdetarde.com\/wp-content\/uploads\/2025\/01\/image-704-1024x682.png\" alt=\"\" class=\"wp-image-187664\" srcset=\"https:\/\/corrientesdetarde.com\/wp-content\/uploads\/2025\/01\/image-704-1024x682.png 1024w, https:\/\/corrientesdetarde.com\/wp-content\/uploads\/2025\/01\/image-704-300x200.png 300w, https:\/\/corrientesdetarde.com\/wp-content\/uploads\/2025\/01\/image-704-768x512.png 768w, https:\/\/corrientesdetarde.com\/wp-content\/uploads\/2025\/01\/image-704.png 1280w\" sizes=\"auto, (max-width: 1024px) 100vw, 1024px\" \/><\/figure>\n\n\n\n<figure class=\"wp-block-image size-large\"><img loading=\"lazy\" decoding=\"async\" width=\"1024\" height=\"682\" src=\"https:\/\/corrientesdetarde.com\/wp-content\/uploads\/2025\/01\/image-705-1024x682.png\" alt=\"\" class=\"wp-image-187665\" srcset=\"https:\/\/corrientesdetarde.com\/wp-content\/uploads\/2025\/01\/image-705-1024x682.png 1024w, https:\/\/corrientesdetarde.com\/wp-content\/uploads\/2025\/01\/image-705-300x200.png 300w, https:\/\/corrientesdetarde.com\/wp-content\/uploads\/2025\/01\/image-705-768x512.png 768w, https:\/\/corrientesdetarde.com\/wp-content\/uploads\/2025\/01\/image-705.png 1280w\" sizes=\"auto, (max-width: 1024px) 100vw, 1024px\" \/><\/figure>\n","protected":false},"excerpt":{"rendered":"<p>En las instalaciones del Club Tel\u00e9fonos Corrientes, la Municipalidad de Corrientes puso en marcha la colonia de vacaciones gratuitas para adultos mayores. M\u00e1s de 400 personas se sumaron a este&hellip; <\/p>\n","protected":false},"author":8,"featured_media":187662,"comment_status":"closed","ping_status":"open","sticky":false,"template":"","format":"standard","meta":{"footnotes":""},"categories":[17],"tags":[],"class_list":["post-187661","post","type-post","status-publish","format-standard","has-post-thumbnail","hentry","category-sociales"],"_links":{"self":[{"href":"https:\/\/corrientesdetarde.com\/index.php\/wp-json\/wp\/v2\/posts\/187661","targetHints":{"allow":["GET"]}}],"collection":[{"href":"https:\/\/corrientesdetarde.com\/index.php\/wp-json\/wp\/v2\/posts"}],"about":[{"href":"https:\/\/corrientesdetarde.com\/index.php\/wp-json\/wp\/v2\/types\/post"}],"author":[{"embeddable":true,"href":"https:\/\/corrientesdetarde.com\/index.php\/wp-json\/wp\/v2\/users\/8"}],"replies":[{"embeddable":true,"href":"https:\/\/corrientesdetarde.com\/index.php\/wp-json\/wp\/v2\/comments?post=187661"}],"version-history":[{"count":1,"href":"https:\/\/corrientesdetarde.com\/index.php\/wp-json\/wp\/v2\/posts\/187661\/revisions"}],"predecessor-version":[{"id":187666,"href":"https:\/\/corrientesdetarde.com\/index.php\/wp-json\/wp\/v2\/posts\/187661\/revisions\/187666"}],"wp:featuredmedia":[{"embeddable":true,"href":"https:\/\/corrientesdetarde.com\/index.php\/wp-json\/wp\/v2\/media\/187662"}],"wp:attachment":[{"href":"https:\/\/corrientesdetarde.com\/index.php\/wp-json\/wp\/v2\/media?parent=187661"}],"wp:term":[{"taxonomy":"category","embeddable":true,"href":"https:\/\/corrientesdetarde.com\/index.php\/wp-json\/wp\/v2\/categories?post=187661"},{"taxonomy":"post_tag","embeddable":true,"href":"https:\/\/corrientesdetarde.com\/index.php\/wp-json\/wp\/v2\/tags?post=187661"}],"curies":[{"name":"wp","href":"https:\/\/api.w.org\/{rel}","templated":true}]}}