{"id":187667,"date":"2025-01-30T12:34:30","date_gmt":"2025-01-30T15:34:30","guid":{"rendered":"https:\/\/corrientesdetarde.com\/?p=187667"},"modified":"2025-01-30T12:34:36","modified_gmt":"2025-01-30T15:34:36","slug":"preparan-un-evento-con-destacados-referentes-de-start-ups-correntinas-para-aprender-a-acceder-a-capitales-de-riesgo","status":"publish","type":"post","link":"https:\/\/corrientesdetarde.com\/index.php\/tecnologia\/preparan-un-evento-con-destacados-referentes-de-start-ups-correntinas-para-aprender-a-acceder-a-capitales-de-riesgo\/","title":{"rendered":"Preparan un evento con destacados referentes de start ups correntinas para aprender a acceder a capitales de riesgo"},"content":{"rendered":"\n<p><em>Organizado por el Gobierno de corrientes, emprendedores de base tecnol\u00f3gica, referentes acad\u00e9micos y empresarios podr\u00e1n escuchar de primera mano la experiencia de \u00e9xito de Calificadas y Carchain, dos compa\u00f1\u00edas que nacieron a nivel local y no paran de crecer. Se trata de un evento que abrir\u00e1 una serie de capacitaciones proyectadas para todo el a\u00f1o.<\/em><\/p>\n\n\n\n<p>El 13 de febrero se realizar\u00e1 la primera \u201cMeetup\u201d, un encuentro de empresas de base tecnol\u00f3gica con perfil de crecimiento exponencial organizado por el Gobierno de la provincia, en el cu\u00e1l dos firmas exitosas que surgieron en la provincia y tienen alcance global \u2013 Calificadas y Carchain &#8211; comentar\u00e1n sus experiencias en la b\u00fasqueda de financiamiento con capitales de riesgo. Para marzo, adem\u00e1s, alistan nuevas propuestas de formaci\u00f3n vinculados a la ciencia de datos y la inteligencia artificial que se dictar\u00e1n tambi\u00e9n en modalidad virtual, de modo que emprendedores e interesados en la tem\u00e1tica de todo el territorio provincial puedan acceder a estos espacios de aprendizaje e intercambio.<\/p>\n\n\n\n<p>\u201cEl encuentro se llamar\u00e1 MeetUp1, y ser\u00e1 el 13 de febrero en el espacio de co-working Oruga, en el centro de la ciudad, orientado a emprendedores de base tecnol\u00f3gica, otras startups de la provincia, empresarios y referentes del \u00e1mbito acad\u00e9mico interesados en la tem\u00e1tica. La idea es que dos equipos de emprendedores de alto impacto puedan abordar conceptos relacionados con Venture Capital (capitales de reisgo), que es algo que parece complejo de entender, y que ser\u00e1 muy \u00fatil poder escucharlo de primera mano\u201d, expres\u00f3 Juan Francisco Bosco, presidente del instituto de Estad\u00edsticas y Ciencia de Datos de la provincia.<\/p>\n\n\n\n<p>Se trata de la sartup Calificadas \u2013 la app que potencia las habilidades de comunicaci\u00f3n de las mujeres basada en inteligencia artificial -, con sus fundadoras correntinas que volvieron a cosechar premios internacionales y a reunir inversiones en los \u00faltimos d\u00edas &#8211; ; as\u00ed como Lisandro Esp\u00edndola, el goyano creador de Carchain, una app que se impone en el mundo. Ambos compartir\u00e1n su experiencia de crecimiento a escala global con otros emprendedores de startups de la provincia.<\/p>\n\n\n\n<p>\u201cLas co-founders de Calificadas est\u00e1n ahora en M\u00e9xico, donde acaban de recibir un premio muy importante de un concurso \u2013 TecPrize2024, convocado por el centro Tecnol\u00f3gico de Monterrey \u2013 y van a poder contar todo lo referido a las calves para acceder a capitales de riesgo. Tambi\u00e9n estar\u00e1 Lisandro Esp\u00edndola, quien ahora reside en Italia, y coincidir\u00e1 en Corrientes ya que est\u00e1 de visita a sus familiares y amigos\u201d, explic\u00f3 Bosco.<\/p>\n\n\n\n<p>As\u00ed, a partir de la pr\u00f3xima semana, la convocatoria para el evento MeetUp1 se difundir\u00e1 a trav\u00e9s de redes sociales, como el primero de una serie de espacios de aprendizaje que se proponen fortalecer durante este a\u00f1o y que est\u00e1 orientado a potenciar las herramientas con que cuentan los emprendedores tecnol\u00f3gicos de la provincia. \u201cEn marzo iniciaremos con capacitaciones sobre estad\u00edstica b\u00e1sica. La ciencia de Datos es el sector de la Industria del conocimiento que m\u00e1s pedido tiene de las empresas y que tiene tambi\u00e9n los salarios m\u00e1s altos. Hay mucha demanda y poca oferta. Desde el gobierno vamos a estar impulsando estas capacitaciones sobre ciencia de datos e inteligencia artificial, ya que la estad\u00edstica es la base de todo. Y tambi\u00e9n lanzaremos un curso de ingl\u00e9s t\u00e9cnico, que hay una necesidad en la zona sobre esta herramienta\u201d, adelant\u00f3 el funcionario. As\u00ed mismo, record\u00f3 la alta convocatoria que tuvo en 2024 el evento Cumbre de Datos, una experiencia que planean repetir este a\u00f1o.&nbsp;<\/p>\n\n\n\n<p>Bosco especific\u00f3 que el encuentro del 13 de febrero pr\u00f3ximo ser\u00e1 presencial, pero a partir de marzo las propuestas de capacitaci\u00f3n tendr\u00e1n tambi\u00e9n su versi\u00f3n virtual, de modo que \u201clos interesados en todas las localidades, como Paso de los Libres, Goya y Curuz\u00fa Cuati\u00e1, donde existen startups tecnolog\u00edcas,&nbsp; puedan acceder tambi\u00e9n\u201d, sostuvo.<\/p>\n\n\n\n<p>\u201cNuestro&nbsp;gobierno tiene la visi\u00f3n de la industria del Conocimiento, que viene avanzando muy fuerte en el mundo. Aunque en Argentina en general y en Corrientes el sector primario es lo que principalmente motoriza la econom\u00eda y el desarrollo, valoramos la tecnolog\u00eda. Tenemos talentos, y universidades muy importantes, por eso nosotros tratamos de motivar estos espacios con actividades. Los datos son como el petr\u00f3leo: depende de nosotros darle ese refinamiento\u201d, compar\u00f3 al final.<\/p>\n\n\n\n<figure class=\"wp-block-image size-large\"><img loading=\"lazy\" decoding=\"async\" width=\"1024\" height=\"575\" src=\"https:\/\/corrientesdetarde.com\/wp-content\/uploads\/2025\/01\/image-706-1024x575.png\" alt=\"\" class=\"wp-image-187668\" srcset=\"https:\/\/corrientesdetarde.com\/wp-content\/uploads\/2025\/01\/image-706-1024x575.png 1024w, https:\/\/corrientesdetarde.com\/wp-content\/uploads\/2025\/01\/image-706-300x169.png 300w, https:\/\/corrientesdetarde.com\/wp-content\/uploads\/2025\/01\/image-706-768x432.png 768w, https:\/\/corrientesdetarde.com\/wp-content\/uploads\/2025\/01\/image-706-1536x863.png 1536w, https:\/\/corrientesdetarde.com\/wp-content\/uploads\/2025\/01\/image-706.png 1600w\" sizes=\"auto, (max-width: 1024px) 100vw, 1024px\" \/><\/figure>\n","protected":false},"excerpt":{"rendered":"<p>Organizado por el Gobierno de corrientes, emprendedores de base tecnol\u00f3gica, referentes acad\u00e9micos y empresarios podr\u00e1n escuchar de primera mano la experiencia de \u00e9xito de Calificadas y Carchain, dos compa\u00f1\u00edas que&hellip; <\/p>\n","protected":false},"author":8,"featured_media":187668,"comment_status":"closed","ping_status":"open","sticky":false,"template":"","format":"standard","meta":{"footnotes":""},"categories":[24],"tags":[],"class_list":["post-187667","post","type-post","status-publish","format-standard","has-post-thumbnail","hentry","category-tecnologia"],"_links":{"self":[{"href":"https:\/\/corrientesdetarde.com\/index.php\/wp-json\/wp\/v2\/posts\/187667","targetHints":{"allow":["GET"]}}],"collection":[{"href":"https:\/\/corrientesdetarde.com\/index.php\/wp-json\/wp\/v2\/posts"}],"about":[{"href":"https:\/\/corrientesdetarde.com\/index.php\/wp-json\/wp\/v2\/types\/post"}],"author":[{"embeddable":true,"href":"https:\/\/corrientesdetarde.com\/index.php\/wp-json\/wp\/v2\/users\/8"}],"replies":[{"embeddable":true,"href":"https:\/\/corrientesdetarde.com\/index.php\/wp-json\/wp\/v2\/comments?post=187667"}],"version-history":[{"count":1,"href":"https:\/\/corrientesdetarde.com\/index.php\/wp-json\/wp\/v2\/posts\/187667\/revisions"}],"predecessor-version":[{"id":187669,"href":"https:\/\/corrientesdetarde.com\/index.php\/wp-json\/wp\/v2\/posts\/187667\/revisions\/187669"}],"wp:featuredmedia":[{"embeddable":true,"href":"https:\/\/corrientesdetarde.com\/index.php\/wp-json\/wp\/v2\/media\/187668"}],"wp:attachment":[{"href":"https:\/\/corrientesdetarde.com\/index.php\/wp-json\/wp\/v2\/media?parent=187667"}],"wp:term":[{"taxonomy":"category","embeddable":true,"href":"https:\/\/corrientesdetarde.com\/index.php\/wp-json\/wp\/v2\/categories?post=187667"},{"taxonomy":"post_tag","embeddable":true,"href":"https:\/\/corrientesdetarde.com\/index.php\/wp-json\/wp\/v2\/tags?post=187667"}],"curies":[{"name":"wp","href":"https:\/\/api.w.org\/{rel}","templated":true}]}}