{"id":187670,"date":"2025-01-30T12:40:04","date_gmt":"2025-01-30T15:40:04","guid":{"rendered":"https:\/\/corrientesdetarde.com\/?p=187670"},"modified":"2025-01-30T12:40:09","modified_gmt":"2025-01-30T15:40:09","slug":"el-gobierno-confirmo-que-desvinculo-a-37-595-empleados-estatales-en-2024","status":"publish","type":"post","link":"https:\/\/corrientesdetarde.com\/index.php\/politica\/el-gobierno-confirmo-que-desvinculo-a-37-595-empleados-estatales-en-2024\/","title":{"rendered":"El Gobierno confirm\u00f3 que desvincul\u00f3 a 37.595 empleados estatales en 2024"},"content":{"rendered":"\n<p>El ministro de Desregulaci\u00f3n y Transformaci\u00f3n del Estado destac\u00f3 la medida, uno de los ejes de la administraci\u00f3n libertaria. Plante\u00f3 que permite bajar impuestos \u201csin comprometer el equilibrio fiscal\u201d.<\/p>\n\n\n\n<p>El Gobierno anunci\u00f3 que desvincul\u00f3 a\u00a0<strong>37.595 estatales<\/strong>\u00a0durante el 2024. El ministro de Desregulaci\u00f3n y Transformaci\u00f3n del Estado,\u00a0<strong>Federico Sturzenegger,<\/strong>\u00a0destac\u00f3 la medida, que es uno de los ejes de la administraci\u00f3n libertaria. El funcionario respald\u00f3 la fuerte baja del\u00a0<strong>gasto p\u00fablico,<\/strong>\u00a0que explic\u00f3 que permite bajar impuestos \u201csin comprometer el\u00a0<strong>equilibrio fiscal\u201d.<\/strong><\/p>\n\n\n\n<p>El funcionario public\u00f3 en su cuenta de&nbsp;<em>X: &#8220;<\/em>Bajar el gasto p\u00fablico es lo que permite bajar impuestos sin comprometer el equilibrio fiscal. Aqu\u00ed los datos de empleo p\u00fablico actualizados a diciembre&#8221;. Adjunt\u00f3 un gr\u00e1fico con la cantidad de bajas de estatales mensuales de enero del a\u00f1o pasado al actual, con una progresiva reducci\u00f3n de la cantidad de empleados p\u00fablicos.<\/p>\n\n\n\n<p>De acuerdo al informe oficial hubo&nbsp;<strong>22.302&nbsp;<\/strong>desvinculaciones en la&nbsp;<strong>Administraci\u00f3n Centralizada y Descentralizada<\/strong>,&nbsp;<strong>12.410<\/strong>&nbsp;en&nbsp;<strong>empresas del Estado<\/strong>&nbsp;y&nbsp;<strong>2883<\/strong>&nbsp;en la categor\u00eda de personal de&nbsp;<strong>seguridad y militar<\/strong>.<\/p>\n\n\n\n<p>Mientras que, de acuerdo al anterior informe del Ministerio liderado por Sturzenegger, difundido en diciembre, hab\u00eda habido 35.936 despidos, 21.408 de la&nbsp;<strong>Administraci\u00f3n Centralizada y Descentralizada<\/strong>,&nbsp;<strong>11.951<\/strong>&nbsp;en&nbsp;<strong>empresas del Estado<\/strong>&nbsp;y&nbsp;<strong>2577<\/strong>&nbsp;en personal de&nbsp;<strong>seguridad y militar.<\/strong><\/p>\n\n\n\n<p><\/p>\n","protected":false},"excerpt":{"rendered":"<p>El ministro de Desregulaci\u00f3n y Transformaci\u00f3n del Estado destac\u00f3 la medida, uno de los ejes de la administraci\u00f3n libertaria. Plante\u00f3 que permite bajar impuestos \u201csin comprometer el equilibrio fiscal\u201d. El&hellip; <\/p>\n","protected":false},"author":8,"featured_media":187671,"comment_status":"closed","ping_status":"open","sticky":false,"template":"","format":"standard","meta":{"footnotes":""},"categories":[3],"tags":[],"class_list":["post-187670","post","type-post","status-publish","format-standard","has-post-thumbnail","hentry","category-politica"],"_links":{"self":[{"href":"https:\/\/corrientesdetarde.com\/index.php\/wp-json\/wp\/v2\/posts\/187670","targetHints":{"allow":["GET"]}}],"collection":[{"href":"https:\/\/corrientesdetarde.com\/index.php\/wp-json\/wp\/v2\/posts"}],"about":[{"href":"https:\/\/corrientesdetarde.com\/index.php\/wp-json\/wp\/v2\/types\/post"}],"author":[{"embeddable":true,"href":"https:\/\/corrientesdetarde.com\/index.php\/wp-json\/wp\/v2\/users\/8"}],"replies":[{"embeddable":true,"href":"https:\/\/corrientesdetarde.com\/index.php\/wp-json\/wp\/v2\/comments?post=187670"}],"version-history":[{"count":1,"href":"https:\/\/corrientesdetarde.com\/index.php\/wp-json\/wp\/v2\/posts\/187670\/revisions"}],"predecessor-version":[{"id":187672,"href":"https:\/\/corrientesdetarde.com\/index.php\/wp-json\/wp\/v2\/posts\/187670\/revisions\/187672"}],"wp:featuredmedia":[{"embeddable":true,"href":"https:\/\/corrientesdetarde.com\/index.php\/wp-json\/wp\/v2\/media\/187671"}],"wp:attachment":[{"href":"https:\/\/corrientesdetarde.com\/index.php\/wp-json\/wp\/v2\/media?parent=187670"}],"wp:term":[{"taxonomy":"category","embeddable":true,"href":"https:\/\/corrientesdetarde.com\/index.php\/wp-json\/wp\/v2\/categories?post=187670"},{"taxonomy":"post_tag","embeddable":true,"href":"https:\/\/corrientesdetarde.com\/index.php\/wp-json\/wp\/v2\/tags?post=187670"}],"curies":[{"name":"wp","href":"https:\/\/api.w.org\/{rel}","templated":true}]}}