{"id":187676,"date":"2025-01-30T12:47:48","date_gmt":"2025-01-30T15:47:48","guid":{"rendered":"https:\/\/corrientesdetarde.com\/?p=187676"},"modified":"2025-01-30T12:48:54","modified_gmt":"2025-01-30T15:48:54","slug":"candelaria-tinelli-rompio-el-silencio-y-conto-por-que-se-separo-de-coti-sorokin-veniamos-muy-mal","status":"publish","type":"post","link":"https:\/\/corrientesdetarde.com\/index.php\/espectaculos\/candelaria-tinelli-rompio-el-silencio-y-conto-por-que-se-separo-de-coti-sorokin-veniamos-muy-mal\/","title":{"rendered":"Candelaria Tinelli rompi\u00f3 el silencio y cont\u00f3 por qu\u00e9 se separ\u00f3 de Coti Sorokin: \u201cVen\u00edamos muy mal\u201d"},"content":{"rendered":"\n<p>La medi\u00e1tica y el cantante est\u00e1n atravesando una profunda crisis a poco menos de un a\u00f1o de su casamiento.<\/p>\n\n\n\n<p>Este martes, \u00c1ngel de Brito cont\u00f3 en\u00a0<em>LAM (Am\u00e9rica)\u00a0<\/em>que\u00a0<strong>Candelaria Tinelli<\/strong>\u00a0y\u00a0<strong>Coti Sorokin<\/strong>\u00a0<strong>est\u00e1n separados despu\u00e9s de atravesar una profunda crisis.<\/strong><\/p>\n\n\n\n<p>En di\u00e1logo con&nbsp;<em>El diario de Mariana (Am\u00e9rica)<\/em>, la hija de Marcelo Tinelli rompi\u00f3 el silencio y confirm\u00f3 la noticia que dio el periodista de espect\u00e1culos. \u201c<strong>Estamos distanciados, ven\u00edamos mal, muy mal<\/strong>.&nbsp;<strong>Estamos viendo c\u00f3mo seguir<\/strong>\u201d, comenz\u00f3 diciendo.<\/p>\n\n\n\n<p>\u201c<strong>Yo estoy bien, poni\u00e9ndole onda. Reencontr\u00e1ndome<\/strong>\u201d, dijo sobre c\u00f3mo se siente an\u00edmicamente.<\/p>\n\n\n\n<p>Por \u00faltimo, sentenci\u00f3: \u201c<strong>Dej\u00e9 todo por \u00e9l y me olvid\u00e9 de m\u00ed, ja. Pero nada es suficiente a veces<\/strong>. Soy fuerte, voy a estar bien\u201d.<\/p>\n\n\n\n<h2 class=\"wp-block-heading\">Cande Tinelli y Coti Sorokin se habr\u00edan separado a casi un a\u00f1o de su boda: los detalles que se filtraron<\/h2>\n\n\n\n<p><strong>Cande Tinelli&nbsp;<\/strong>y&nbsp;<strong>Coti Sorokin est\u00e1n separados a casi un a\u00f1o de su casamiento<\/strong>. La noticia fue dada a conocer por \u00c1ngel de Brito, quien habl\u00f3 con una fuente de confianza que le revel\u00f3 los motivos de la ruptura.<\/p>\n\n\n\n<p>\u201c<strong>Ellos est\u00e1n muy en crisis. \u00c9l la est\u00e1 volviendo loca. Ella est\u00e1 harta. Casi no se est\u00e1n viendo. Ella no se lo fuma m\u00e1s<\/strong>. Esta fuente no es una persona con la que yo hable frecuentemente, me sorprendi\u00f3 cuando vi su mensaje. Solo me animo a cont\u00e1rtelo a vos porque s\u00e9 que no me vas a quemar\u201d, le dijo esta persona al conductor de&nbsp;<em>LAM (Am\u00e9rica)<\/em>.<\/p>\n\n\n\n<figure class=\"wp-block-image\"><img decoding=\"async\" src=\"https:\/\/tn.com.ar\/resizer\/v2\/https%3A%2F%2Fthumbs.vodgc.net%2F1-14-eAnDrO1738112527569-1738148662.jpg?auth=a500f1b25e8049d961c1d8e1cd1063acb1b6314cb7f8c5a8c9dcaca852b25169&amp;width=767\" alt=\"Video Placeholder\"\/><\/figure>\n\n\n\n<p><\/p>\n\n\n\n<p>El presentador se\u00f1al\u00f3: \u201c<strong>Han tenido unos disturbios<\/strong>\u201d. Luego, sigui\u00f3 leyendo las palabras de su informante: \u201c<strong>Durante el verano casi no se vieron, estuvieron peleados todo el verano<\/strong>\u201d.<\/p>\n\n\n\n<p>\u201cNo habl\u00e9 con ninguno de los dos protagonistas. Los vi hace poco a ambos y no estaban juntos ese d\u00eda.&nbsp;<strong>Est\u00e1n atravesando una crisis importante porque ella est\u00e1 cansada de ciertas actitudes de \u00e9l<\/strong>\u201d, a\u00f1adi\u00f3 de Brito.<\/p>\n\n\n\n<p>Respecto a los \u00faltimos movimientos de la pareja, \u00c1ngel sum\u00f3: \u201c<strong>Yo el d\u00eda que fui a la presentaci\u00f3n de Los Tinelli en Uruguay lo vi a Coti, nos saludamos, pero nunca los vi juntos tampoco<\/strong>. No s\u00e9 si hay registro de alguna foto de ellos juntos este verano\u201d.<\/p>\n\n\n\n<p>Por su parte, la panelista Julieta Argenta cont\u00f3 sobre \u201cLel\u00e9\u201d: \u201c<strong>Este finde viaj\u00f3 con Mica sola con amigos. Fueron con un avi\u00f3n privado a Punta del Este<\/strong>\u201d.<\/p>\n\n\n\n<h2 class=\"wp-block-heading\">C\u00f3mo fue la separaci\u00f3n de Cande Tinelli y Coti Sorokin en 2022 antes de su casamiento<\/h2>\n\n\n\n<p><strong>Cande Tinelli\u00a0<\/strong>confirm\u00f3 su separaci\u00f3n de\u00a0<strong>Coti Sorokin\u00a0en septiembre de 2022\u00a0<\/strong>y sostuvo que todo se dio en buenos t\u00e9rminos. Sin embargo, trascendi\u00f3 una versi\u00f3n que indica todo lo contrario.<\/p>\n\n\n\n<p>\u201cEn otro orden de cosas,&nbsp;<strong>ella le dio salida a Coti por su ego enorme<\/strong>, parece que<strong>&nbsp;era infumable&nbsp;<\/strong>y se quejaba de los viajes que hac\u00eda con su familia\u201d, tuite\u00f3 \u00c1ngel de Brito.<\/p>\n\n\n\n<p>R\u00e1pidamente, la hija de&nbsp;<a href=\"https:\/\/tn.com.ar\/show\/famosos\/2022\/09\/14\/marcelo-tinelli-hablo-sobre-la-separacion-de-cande-y-coti-acompano-la-decision-de-mi-hija\/\">Marcelo Tinelli&nbsp;<\/a>sali\u00f3 a desmentirlo. \u201c<strong>Palabras que jam\u00e1s salieron de mi boca.<\/strong>&nbsp;<strong>Esto es una mentira absoluta.<\/strong>&nbsp;Por favor sean \u2018impecables\u2019 con sus palabras. No pueden inventar gratuitamente cosas que est\u00e1n muy lejos de la realidad\u201d, reclam\u00f3 en redes sociales.<\/p>\n\n\n\n<figure class=\"wp-block-image\"><img decoding=\"async\" src=\"https:\/\/tn.com.ar\/resizer\/v2\/cande-tinelli-desmintio-las-versiones-sobre-su-ruptura-foto-captuta-instagram-candelariatinelli-PP6FY4LIJRB3VECZRF5OSNT46Y.JPG?auth=2f9f7a5cd25d2b31e822ab555428c783d3cff56237e5c7fb78bca92e5029275a&amp;width=767\" alt=\"Cande Tinelli desminti\u00f3 las versiones sobre su ruptura. (Foto: Captuta Instagram \/candelariatinelli)\"\/><figcaption class=\"wp-element-caption\">Cande Tinelli desminti\u00f3 las versiones sobre su ruptura. (Foto: Captuta Instagram \/candelariatinelli)<\/figcaption><\/figure>\n","protected":false},"excerpt":{"rendered":"<p>La medi\u00e1tica y el cantante est\u00e1n atravesando una profunda crisis a poco menos de un a\u00f1o de su casamiento. Este martes, \u00c1ngel de Brito cont\u00f3 en\u00a0LAM (Am\u00e9rica)\u00a0que\u00a0Candelaria Tinelli\u00a0y\u00a0Coti Sorokin\u00a0est\u00e1n separados&hellip; <\/p>\n","protected":false},"author":8,"featured_media":187677,"comment_status":"closed","ping_status":"open","sticky":false,"template":"","format":"standard","meta":{"footnotes":""},"categories":[19],"tags":[],"class_list":["post-187676","post","type-post","status-publish","format-standard","has-post-thumbnail","hentry","category-espectaculos"],"_links":{"self":[{"href":"https:\/\/corrientesdetarde.com\/index.php\/wp-json\/wp\/v2\/posts\/187676","targetHints":{"allow":["GET"]}}],"collection":[{"href":"https:\/\/corrientesdetarde.com\/index.php\/wp-json\/wp\/v2\/posts"}],"about":[{"href":"https:\/\/corrientesdetarde.com\/index.php\/wp-json\/wp\/v2\/types\/post"}],"author":[{"embeddable":true,"href":"https:\/\/corrientesdetarde.com\/index.php\/wp-json\/wp\/v2\/users\/8"}],"replies":[{"embeddable":true,"href":"https:\/\/corrientesdetarde.com\/index.php\/wp-json\/wp\/v2\/comments?post=187676"}],"version-history":[{"count":1,"href":"https:\/\/corrientesdetarde.com\/index.php\/wp-json\/wp\/v2\/posts\/187676\/revisions"}],"predecessor-version":[{"id":187678,"href":"https:\/\/corrientesdetarde.com\/index.php\/wp-json\/wp\/v2\/posts\/187676\/revisions\/187678"}],"wp:featuredmedia":[{"embeddable":true,"href":"https:\/\/corrientesdetarde.com\/index.php\/wp-json\/wp\/v2\/media\/187677"}],"wp:attachment":[{"href":"https:\/\/corrientesdetarde.com\/index.php\/wp-json\/wp\/v2\/media?parent=187676"}],"wp:term":[{"taxonomy":"category","embeddable":true,"href":"https:\/\/corrientesdetarde.com\/index.php\/wp-json\/wp\/v2\/categories?post=187676"},{"taxonomy":"post_tag","embeddable":true,"href":"https:\/\/corrientesdetarde.com\/index.php\/wp-json\/wp\/v2\/tags?post=187676"}],"curies":[{"name":"wp","href":"https:\/\/api.w.org\/{rel}","templated":true}]}}