{"id":187682,"date":"2025-01-30T13:01:00","date_gmt":"2025-01-30T16:01:00","guid":{"rendered":"https:\/\/corrientesdetarde.com\/?p=187682"},"modified":"2025-01-30T13:01:47","modified_gmt":"2025-01-30T16:01:47","slug":"la-cgt-y-la-cta-potencian-la-marcha-contra-el-fascismo-libertario","status":"publish","type":"post","link":"https:\/\/corrientesdetarde.com\/index.php\/informacion-general\/la-cgt-y-la-cta-potencian-la-marcha-contra-el-fascismo-libertario\/","title":{"rendered":"LA CGT Y LA CTA POTENCIAN LA MARCHA CONTRA EL FASCISMO LIBERTARIO"},"content":{"rendered":"\n<p>(Pablo Roma, Gremiales) &#8211; <strong>Las centrales obreras se suman a la movilizaci\u00f3n en repudio a Milei<\/strong><\/p>\n\n\n\n<p>La Confederaci\u00f3n General del Trabajo (CGT) confirm\u00f3 su adhesi\u00f3n a la marcha federal antifascista convocada por el colectivo LGTBIQ+ para este s\u00e1bado, reforzando una convocatoria que ya contaba con el respaldo de las dos CTA y los movimientos sociales. Con esta decisi\u00f3n, la central obrera vuelve a las calles y potencia la movilizaci\u00f3n que se anticipa multitudinaria, en respuesta a los dichos del presidente Javier Milei en el Foro de Davos, donde calific\u00f3 al colectivo de \u201cped\u00f3filos\u201d sin titubear ante sus pares internacionales.<\/p>\n\n\n\n<figure class=\"wp-block-image size-large\"><img loading=\"lazy\" decoding=\"async\" width=\"581\" height=\"1024\" src=\"https:\/\/corrientesdetarde.com\/wp-content\/uploads\/2025\/01\/comunicado-cgt-marcha-nazi-581x1024.jpeg\" alt=\"\" class=\"wp-image-187683\" srcset=\"https:\/\/corrientesdetarde.com\/wp-content\/uploads\/2025\/01\/comunicado-cgt-marcha-nazi-581x1024.jpeg 581w, https:\/\/corrientesdetarde.com\/wp-content\/uploads\/2025\/01\/comunicado-cgt-marcha-nazi-170x300.jpeg 170w, https:\/\/corrientesdetarde.com\/wp-content\/uploads\/2025\/01\/comunicado-cgt-marcha-nazi-768x1353.jpeg 768w, https:\/\/corrientesdetarde.com\/wp-content\/uploads\/2025\/01\/comunicado-cgt-marcha-nazi-872x1536.jpeg 872w, https:\/\/corrientesdetarde.com\/wp-content\/uploads\/2025\/01\/comunicado-cgt-marcha-nazi.jpeg 908w\" sizes=\"auto, (max-width: 581px) 100vw, 581px\" \/><\/figure>\n\n\n\n<p>La protesta, que partir\u00e1 desde el Congreso a las 16 y culminar\u00e1 en Plaza de Mayo, busca rechazar las pol\u00edticas del gobierno libertario que consideran antiderechos. La secretaria de Derechos Humanos de la CGT, Maia Volcovinsky, destac\u00f3 que el apoyo de la central sindical se basa en la necesidad de enfrentar \u201clas pol\u00edticas de odio de Milei, que avanzan contra los derechos humanos y las minor\u00edas sexuales\u201d.<\/p>\n\n\n\n<p>Desde la CTA de los Trabajadores, Hugo Yasky consider\u00f3 que la reacci\u00f3n social es un signo positivo. \u201cMilei construye enemigos todos los d\u00edas, pero se est\u00e1 cavando su propia fosa\u201d, afirm\u00f3 el dirigente y diputado nacional. En la misma l\u00ednea, el secretario general de ATE, Rodolfo Aguiar, sostuvo que los dichos presidenciales en Davos \u201cconstituyen una amenaza a la paz social y vulneran derechos fundamentales de la democracia\u201d.<\/p>\n\n\n\n<h3 class=\"wp-block-heading\">EL GOBIERNO BUSCA DESACTIVAR LA INDIGNACI\u00d3N<\/h3>\n\n\n\n<p>Ante la magnitud que tom\u00f3 la convocatoria, el vocero presidencial Manuel Adorni intent\u00f3 matizar las declaraciones de Milei. \u201cEl Presidente no est\u00e1 en contra del feminismo ni de la elecci\u00f3n individual de cada persona, sino de los negocios detr\u00e1s de ciertas causas\u201d, declar\u00f3 en su habitual conferencia de prensa.<\/p>\n\n\n\n<p>Sin embargo, el intento de retroceder en sus dichos contrasta con la actitud del propio Milei en redes sociales, donde sigue con su ret\u00f3rica confrontativa. En su cuenta de X (ex Twitter), public\u00f3 una imagen titulada \u201cEl diccionario zurdo\u201d, en la que sugiere que sus cr\u00edticas a las pol\u00edticas de g\u00e9nero fueron malinterpretadas por la oposici\u00f3n con fines electorales.<\/p>\n\n\n\n<p>A pesar de los esfuerzos oficiales por descomprimir la tensi\u00f3n, la convocatoria sigue creciendo y, con el respaldo de la CGT y las CTA, la marcha contra el fascismo libertario promete ser una de las m\u00e1s grandes desde la llegada de Milei al poder.<\/p>\n","protected":false},"excerpt":{"rendered":"<p>(Pablo Roma, Gremiales) &#8211; Las centrales obreras se suman a la movilizaci\u00f3n en repudio a Milei La Confederaci\u00f3n General del Trabajo (CGT) confirm\u00f3 su adhesi\u00f3n a la marcha federal antifascista&hellip; <\/p>\n","protected":false},"author":11,"featured_media":187684,"comment_status":"closed","ping_status":"open","sticky":false,"template":"","format":"standard","meta":{"footnotes":""},"categories":[26,1,3],"tags":[],"class_list":["post-187682","post","type-post","status-publish","format-standard","has-post-thumbnail","hentry","category-destacados","category-informacion-general","category-politica"],"_links":{"self":[{"href":"https:\/\/corrientesdetarde.com\/index.php\/wp-json\/wp\/v2\/posts\/187682","targetHints":{"allow":["GET"]}}],"collection":[{"href":"https:\/\/corrientesdetarde.com\/index.php\/wp-json\/wp\/v2\/posts"}],"about":[{"href":"https:\/\/corrientesdetarde.com\/index.php\/wp-json\/wp\/v2\/types\/post"}],"author":[{"embeddable":true,"href":"https:\/\/corrientesdetarde.com\/index.php\/wp-json\/wp\/v2\/users\/11"}],"replies":[{"embeddable":true,"href":"https:\/\/corrientesdetarde.com\/index.php\/wp-json\/wp\/v2\/comments?post=187682"}],"version-history":[{"count":2,"href":"https:\/\/corrientesdetarde.com\/index.php\/wp-json\/wp\/v2\/posts\/187682\/revisions"}],"predecessor-version":[{"id":187686,"href":"https:\/\/corrientesdetarde.com\/index.php\/wp-json\/wp\/v2\/posts\/187682\/revisions\/187686"}],"wp:featuredmedia":[{"embeddable":true,"href":"https:\/\/corrientesdetarde.com\/index.php\/wp-json\/wp\/v2\/media\/187684"}],"wp:attachment":[{"href":"https:\/\/corrientesdetarde.com\/index.php\/wp-json\/wp\/v2\/media?parent=187682"}],"wp:term":[{"taxonomy":"category","embeddable":true,"href":"https:\/\/corrientesdetarde.com\/index.php\/wp-json\/wp\/v2\/categories?post=187682"},{"taxonomy":"post_tag","embeddable":true,"href":"https:\/\/corrientesdetarde.com\/index.php\/wp-json\/wp\/v2\/tags?post=187682"}],"curies":[{"name":"wp","href":"https:\/\/api.w.org\/{rel}","templated":true}]}}