{"id":187687,"date":"2025-01-30T13:27:53","date_gmt":"2025-01-30T16:27:53","guid":{"rendered":"https:\/\/corrientesdetarde.com\/?p=187687"},"modified":"2025-01-30T13:27:59","modified_gmt":"2025-01-30T16:27:59","slug":"en-medio-de-un-caos-el-grupo-terrorista-hamas-libero-a-tres-rehenes-israelies-y-a-cinco-tailandeses","status":"publish","type":"post","link":"https:\/\/corrientesdetarde.com\/index.php\/internacionales\/en-medio-de-un-caos-el-grupo-terrorista-hamas-libero-a-tres-rehenes-israelies-y-a-cinco-tailandeses\/","title":{"rendered":"En medio de un caos, el grupo terrorista Hamas liber\u00f3 a tres rehenes israel\u00edes y a cinco tailandeses"},"content":{"rendered":"\n<p>Las Fuerzas Armadas de Israel confirmaron que todos los liberados ingresaron al cami\u00f3n de la Cruz Roja y que ya est\u00e1n en territorio israel\u00ed. Como represalia, Netanyahu retras\u00f3 la liberaci\u00f3n de 110 prisioneros palestinos.<\/p>\n\n\n\n<p>El grupo terrorista Hamas\u00a0<strong>liber\u00f3<\/strong>\u00a0este jueves por la ma\u00f1ana<strong>\u00a0a\u00a0tres rehenes israel\u00edes y a cinco tailandeses<\/strong> en medio de una multitud de ciudadanos palestinos que se manifestaron en contra.<\/p>\n\n\n\n<p>A primera hora de la ma\u00f1ana se dio la primera liberaci\u00f3n por parte de Hamas, que entreg\u00f3 a&nbsp;<strong>Agam Berger,<\/strong>&nbsp;una soldado de 20 a\u00f1os que estaba secuestrada desde el inicio de la guerra en la Franja de Gaza.<\/p>\n\n\n\n<p>\u201cLa repatriada est\u00e1 siendo escoltada por una unidad de \u00e9lite de las FDI y la fuerza de seguridad Shin Bet en su camino a Israel, donde ser\u00e1 sometida a una evaluaci\u00f3n m\u00e9dica inicial\u201d, hab\u00eda indicado el comunicado de las Fuerzas de Defensa de Israel en su momento.<\/p>\n\n\n\n<p>La liberaci\u00f3n de Berger se dio con cierta normalidad si se compara con el caos que se produjo cuando el grupo terrorista inici\u00f3 el operativo para liberar a los&nbsp;<strong>dos rehenes israel\u00edes restantes&nbsp;<\/strong>y a otros&nbsp;<strong>cinco tailandeses.<\/strong><\/p>\n\n\n\n<p>Una vez que se inform\u00f3 que los rehenes hab\u00edan sido liberados, el Ej\u00e9rcito de Israel&nbsp;<strong>estuvo varios minutos sin poder confirmar que hab\u00edan ingresado al cami\u00f3n de la Cruz Roja<\/strong>&nbsp;que los iba a trasladar hasta el territorio israel\u00ed.<\/p>\n\n\n\n<figure class=\"wp-block-image\"><img decoding=\"async\" src=\"https:\/\/tn.com.ar\/resizer\/v2\/agam-berger-la-primera-rehen-liberada-de-este-jueves-se-reunio-junto-a-sus-familiares-en-israel-foto-reuters-DDH7OG6FSCRNDQPZ42E2E4QT5U.jpg?auth=a44e63db81c3bc73bc5c29c1b3c643b5e9f3f2a9cff90e0d8373f3ba33b23d12&amp;width=767\" alt=\"Agam Berger, la primera reh\u00e9n liberada de este jueves, se reuni\u00f3 junto a sus familiares en Israel. (foto: Reuters).\"\/><\/figure>\n\n\n\n<p>Im\u00e1genes de la televisi\u00f3n internacional mostraron el momento en que las rehenes israel\u00edes&nbsp;<strong>Arbel Yehud&nbsp;<\/strong>y&nbsp;<strong>Gadi Moses&nbsp;<\/strong>bajaron del veh\u00edculo de Hamas y caminaron entre una multitud de ciudadanos palestinos que le gritaban insultos.<\/p>\n\n\n\n<p>Miles de personas, entre civiles y milicianos, cargaron banderas de Ham\u00e1s o de la Yihad Isl\u00e1mica y gritaban \u201c<strong>Al\u00e1 es grande\u201d<\/strong>&nbsp;mientras silbaban, aplaud\u00edan y amedrentaban a las rehenes en su camino hacia el cami\u00f3n de la Cruz Roja.<\/p>\n\n\n\n<p>\u201cSeg\u00fan la informaci\u00f3n comunicada por la Cruz Roja, siete rehenes, incluyendo dos israel\u00edes y cinco ciudadanos extranjeros les fueron transferidos\u201d, confirmaron las fuerzas armadas israel\u00edes luego de varios minutos de tensi\u00f3n.<\/p>\n\n\n\n<p>Los ciudadanos tailandeses fueron trasladados a otros dos veh\u00edculos diferentes al de Yehud y de Moses, y fueron puestos a disposici\u00f3n del Ej\u00e9rcito israel\u00ed en el cruce de Kerem Shalom, en el extremo sureste de Gaza.<\/p>\n\n\n\n<p>Los incidentes que se produjeron en el traslado de los rehenes provocaron el enojo del Primer Ministro de Israel,&nbsp;<strong>Benjamin Netanyahu,<\/strong>&nbsp;quien calific\u00f3 de \u201cescena lamentable\u201d el hecho y&nbsp;<strong>pospuso la entrega de los m\u00e1s de 100 prisioneros palestinos.<\/strong><\/p>\n\n\n\n<p>\u201cVeo con gran severidad las escenas impactantes ocurridas durante la liberaci\u00f3n de nuestros rehenes. Son prueba de la inimaginable crueldad de Hamas\u201d, indic\u00f3 Netanyahu en una nota difundida por su oficina de comunicaci\u00f3n.<\/p>\n\n\n\n<p>Por su parte, Hamas tambi\u00e9n lanz\u00f3 un comunicado: \u201cLas multitudes que se reunieron para seguir la liberaci\u00f3n de prisioneros son un mensaje al mundo de que nuestro pueblo se une firmemente a la resistencia y la abraza, y que la ocupaci\u00f3n no ha logrado aislarla\u201d.<\/p>\n\n\n\n<p>La entrega de los 110 prisioneros palestinos finalmente comenz\u00f3 a realizarse a las 15 hora local (a las 12 del mediod\u00eda de la Argentina), pese a que estaba previsto que se realizara unas horas antes.<\/p>\n","protected":false},"excerpt":{"rendered":"<p>Las Fuerzas Armadas de Israel confirmaron que todos los liberados ingresaron al cami\u00f3n de la Cruz Roja y que ya est\u00e1n en territorio israel\u00ed. Como represalia, Netanyahu retras\u00f3 la liberaci\u00f3n&hellip; <\/p>\n","protected":false},"author":8,"featured_media":187688,"comment_status":"closed","ping_status":"open","sticky":false,"template":"","format":"standard","meta":{"footnotes":""},"categories":[11],"tags":[],"class_list":["post-187687","post","type-post","status-publish","format-standard","has-post-thumbnail","hentry","category-internacionales"],"_links":{"self":[{"href":"https:\/\/corrientesdetarde.com\/index.php\/wp-json\/wp\/v2\/posts\/187687","targetHints":{"allow":["GET"]}}],"collection":[{"href":"https:\/\/corrientesdetarde.com\/index.php\/wp-json\/wp\/v2\/posts"}],"about":[{"href":"https:\/\/corrientesdetarde.com\/index.php\/wp-json\/wp\/v2\/types\/post"}],"author":[{"embeddable":true,"href":"https:\/\/corrientesdetarde.com\/index.php\/wp-json\/wp\/v2\/users\/8"}],"replies":[{"embeddable":true,"href":"https:\/\/corrientesdetarde.com\/index.php\/wp-json\/wp\/v2\/comments?post=187687"}],"version-history":[{"count":1,"href":"https:\/\/corrientesdetarde.com\/index.php\/wp-json\/wp\/v2\/posts\/187687\/revisions"}],"predecessor-version":[{"id":187689,"href":"https:\/\/corrientesdetarde.com\/index.php\/wp-json\/wp\/v2\/posts\/187687\/revisions\/187689"}],"wp:featuredmedia":[{"embeddable":true,"href":"https:\/\/corrientesdetarde.com\/index.php\/wp-json\/wp\/v2\/media\/187688"}],"wp:attachment":[{"href":"https:\/\/corrientesdetarde.com\/index.php\/wp-json\/wp\/v2\/media?parent=187687"}],"wp:term":[{"taxonomy":"category","embeddable":true,"href":"https:\/\/corrientesdetarde.com\/index.php\/wp-json\/wp\/v2\/categories?post=187687"},{"taxonomy":"post_tag","embeddable":true,"href":"https:\/\/corrientesdetarde.com\/index.php\/wp-json\/wp\/v2\/tags?post=187687"}],"curies":[{"name":"wp","href":"https:\/\/api.w.org\/{rel}","templated":true}]}}