{"id":187690,"date":"2025-01-30T13:33:43","date_gmt":"2025-01-30T16:33:43","guid":{"rendered":"https:\/\/corrientesdetarde.com\/?p=187690"},"modified":"2025-01-30T13:33:54","modified_gmt":"2025-01-30T16:33:54","slug":"el-pro-busca-distender-la-relacion-con-lla-mientras-espera-una-respuesta-de-milei-para-negociar-un-acuerdo","status":"publish","type":"post","link":"https:\/\/corrientesdetarde.com\/index.php\/politica\/el-pro-busca-distender-la-relacion-con-lla-mientras-espera-una-respuesta-de-milei-para-negociar-un-acuerdo\/","title":{"rendered":"El PRO busca distender la relaci\u00f3n con LLA mientras espera una respuesta de Milei para negociar un acuerdo"},"content":{"rendered":"\n<p>En el macrismo destacaron el di\u00e1logo con el oficialismo y sostuvieron que concretar una alianza \u201ces lo deseable\u201d. \u201cNosotros tenemos disposici\u00f3n como hemos tenido siempre\u201d, aseguraron.<\/p>\n\n\n\n<p>Desde el\u00a0<strong>PRO<\/strong>\u00a0salieron a enviarle gestos a\u00a0<strong>La Libertad Avanza<\/strong>\u00a0en vista a un eventual acuerdo electoral, pese a las fuertes tensiones entre ambos partidos. En la cumbre del macrismo participaron entre otros la diputada nacional,\u00a0<strong>Silvia Lospennato,<\/strong>\u00a0y el secretario general del PRO,\u00a0<strong>Facundo P\u00e9rez Carletti,\u00a0<\/strong>que destacaron los di\u00e1logos con el oficialismo y la necesidad de llegar a una alianza electoral con el oficialismo.<\/p>\n\n\n\n<p>Lospenatto dijo en declaraciones a<em>\u00a0A Dos Voces<\/em><strong>,<\/strong>\u00a0que tienen voluntad de acercar posiciones y bajar la tensi\u00f3n con LLA, despu\u00e9s de\u00a0los fuertes cruces: \u201cHay que sentarse a dialogar, nosotros tenemos\u00a0<strong>disposici\u00f3n\u00a0<\/strong>como hemos tenido siempre. Creo que lo m\u00e1s deseable es\u00a0<strong>explorar una alianza electoral\u201d.<\/strong><\/p>\n\n\n\n<p>La diputada advirti\u00f3 que, en caso de que no cerrar un acuerdo electoral, si el PRO y LLA compitieran con listas propias en las elecciones legislativas derivar\u00eda en una<strong>&nbsp;\u201cventaja al kirchnerismo\u201d.<\/strong>&nbsp;En especial en territorios como la provincia de Buenos Aires, hist\u00f3rico basti\u00f3n del peronismo. Igualmente aclar\u00f3: \u201cTendremos que ver si, efectivamente, hay voluntad real. El tango se baila de a dos, por lo que tiene que haber&nbsp;<strong>voluntad de las dos partes\u201d.<\/strong><\/p>\n\n\n\n<p>Lospenatto explic\u00f3 en declaraciones a&nbsp;<em>Radio La Red:<\/em>&nbsp;\u201cCreo que hay chances de conversar todo. Hay que sentarse e iniciar una conversaci\u00f3n sobre qu\u00e9 es lo que pretende cada partido, qu\u00e9 representamos, qu\u00e9 creemos que necesitan los argentinos, cu\u00e1l es la agenda de los pr\u00f3ximos a\u00f1os. Ese es el trabajo que se hace cuando uno construye una alianza electoral y nosotros&nbsp;<strong>estamos dispuestos,<\/strong>&nbsp;as\u00ed lo manifest\u00f3 Macri. Se ver\u00e1 qu\u00e9 significa una alianza electoral, en qu\u00e9 distritos\u201d.<\/p>\n\n\n\n<p>Uno de los integrantes de la mesa ejecutiva del PRO, P\u00e9rez Carletti, destac\u00f3 la \u201cpostura p\u00fablica del PRO, la importancia del di\u00e1logo y de un acuerdo\u201d. El dirigente mencion\u00f3 la mesa de dirigentes designados por Macri para negociar un acuerdo con el oficialismo, Lospennato,&nbsp;<strong>Cristian Ritondo, Soledad Mart\u00ednez, Hern\u00e1n Lacunza, y Ana Clara Romero,<\/strong>&nbsp;propuesta que hasta el momento no tuvo respuesta de La Libertad Avanza. El dirigente explic\u00f3: \u201cEst\u00e1n disponibles para empezar el di\u00e1logo, en caso de que Milei decida avanzar en un acuerdo electoral\u201d.<\/p>\n\n\n\n<p>P\u00e9rez Carletti mencion\u00f3 que \u201cfue Milei el que habl\u00f3 p\u00fablicamente de un acuerdo electoral\u201d y que Macri le respondi\u00f3 \u201cque estaba dispuesto a hablar al respecto\u201d. El dirigente dijo en declaraciones a&nbsp;<em>FM Delta&nbsp;<\/em>y<em>&nbsp;El Destape Radio<\/em>&nbsp;que \u201cest\u00e1 claro que hay un electorado en com\u00fan\u201d entre ambos espacios y que se deber\u00e1n tener en cuenta las particularidades de cada provincia, ya que en las legislativas habr\u00e1 \u201c24 elecciones para cargos nacionales\u201d.<\/p>\n","protected":false},"excerpt":{"rendered":"<p>En el macrismo destacaron el di\u00e1logo con el oficialismo y sostuvieron que concretar una alianza \u201ces lo deseable\u201d. \u201cNosotros tenemos disposici\u00f3n como hemos tenido siempre\u201d, aseguraron. Desde el\u00a0PRO\u00a0salieron a enviarle&hellip; <\/p>\n","protected":false},"author":8,"featured_media":187691,"comment_status":"closed","ping_status":"open","sticky":false,"template":"","format":"standard","meta":{"footnotes":""},"categories":[3],"tags":[],"class_list":["post-187690","post","type-post","status-publish","format-standard","has-post-thumbnail","hentry","category-politica"],"_links":{"self":[{"href":"https:\/\/corrientesdetarde.com\/index.php\/wp-json\/wp\/v2\/posts\/187690","targetHints":{"allow":["GET"]}}],"collection":[{"href":"https:\/\/corrientesdetarde.com\/index.php\/wp-json\/wp\/v2\/posts"}],"about":[{"href":"https:\/\/corrientesdetarde.com\/index.php\/wp-json\/wp\/v2\/types\/post"}],"author":[{"embeddable":true,"href":"https:\/\/corrientesdetarde.com\/index.php\/wp-json\/wp\/v2\/users\/8"}],"replies":[{"embeddable":true,"href":"https:\/\/corrientesdetarde.com\/index.php\/wp-json\/wp\/v2\/comments?post=187690"}],"version-history":[{"count":1,"href":"https:\/\/corrientesdetarde.com\/index.php\/wp-json\/wp\/v2\/posts\/187690\/revisions"}],"predecessor-version":[{"id":187692,"href":"https:\/\/corrientesdetarde.com\/index.php\/wp-json\/wp\/v2\/posts\/187690\/revisions\/187692"}],"wp:featuredmedia":[{"embeddable":true,"href":"https:\/\/corrientesdetarde.com\/index.php\/wp-json\/wp\/v2\/media\/187691"}],"wp:attachment":[{"href":"https:\/\/corrientesdetarde.com\/index.php\/wp-json\/wp\/v2\/media?parent=187690"}],"wp:term":[{"taxonomy":"category","embeddable":true,"href":"https:\/\/corrientesdetarde.com\/index.php\/wp-json\/wp\/v2\/categories?post=187690"},{"taxonomy":"post_tag","embeddable":true,"href":"https:\/\/corrientesdetarde.com\/index.php\/wp-json\/wp\/v2\/tags?post=187690"}],"curies":[{"name":"wp","href":"https:\/\/api.w.org\/{rel}","templated":true}]}}