{"id":187702,"date":"2025-01-30T13:53:52","date_gmt":"2025-01-30T16:53:52","guid":{"rendered":"https:\/\/corrientesdetarde.com\/?p=187702"},"modified":"2025-01-30T13:54:04","modified_gmt":"2025-01-30T16:54:04","slug":"se-renueva-la-ilusion-en-la-copa-davis-el-equipo-argentino-debuta-ante-noruega","status":"publish","type":"post","link":"https:\/\/corrientesdetarde.com\/index.php\/deportes\/se-renueva-la-ilusion-en-la-copa-davis-el-equipo-argentino-debuta-ante-noruega\/","title":{"rendered":"Se renueva la ilusi\u00f3n en la Copa Davis: el equipo argentino debuta ante Noruega"},"content":{"rendered":"\n<p>Javier Frana tendr\u00e1 su primera serie como capit\u00e1n y el conjunto albiceleste contar\u00e1 con el regreso de Horacio Zeballos.<\/p>\n\n\n\n<p>El<strong>\u00a0equipo argentino<\/strong>\u00a0de tenis debutar\u00e1 este jueves en la\u00a0<strong>Copa Davis ante Noruega<\/strong>\u00a0en condici\u00f3n de visitante.<strong>\u00a0Tom\u00e1s Etcheverry y Mariano Navone ser\u00e1n los singlistas\u00a0<\/strong>que den el primer paso en un nuevo camino que contar\u00e1 con\u00a0<strong>Javier Frana<\/strong>\u00a0como el flamante capit\u00e1n. El objetivo es avanzar a la Fase Clasificatoria de septiembre.<\/p>\n\n\n\n<p>Luego de la<strong>\u00a0salida de Guillermo Coria<\/strong>, su reemplazo tom\u00f3 la fuerte decisi\u00f3n de volver a\u00a0<strong>convocar a Horacio Zeballos<\/strong>, que se ubica en el puesto 3\u00b0 del Ranking ATP en dobles y hab\u00eda tenido un fuerte cruce con el exentrenador.<\/p>\n\n\n\n<p>El equipo est\u00e1 compuesto por<strong>&nbsp;Etcheverry, Navone, Facundo D\u00edaz Acosta y Zeballos y Andr\u00e9s Molteni<\/strong>. Francisco Cer\u00fandolo y Sebasti\u00e1n B\u00e1ez son las duras bajas que tendr\u00e1 que superar el conjunto nacional.<\/p>\n\n\n\n<p>Etcheverry abrir\u00e1 la serie en Oslo ante<strong>&nbsp;Budkov Kjaer&nbsp;<\/strong>desde las 14 (hora de la Argentina). Luego, en el Fjellhamar Arena, Navone se medir\u00e1 ante el poderoso&nbsp;<strong>Casper Ruud<\/strong>, la figura del local y n\u00famero 5 del mundo.<\/p>\n\n\n\n<p>La serie continuar\u00e1 el viernes a las 12 (hora de la Argentina), con el dobles que disputar\u00e1n<strong>&nbsp;Andr\u00e9s Molteni y Horacio Zeballos frente a Viktor Durasovic y Casper Ruud<\/strong>. En caso de ser necesario, se invertir\u00edan los cruces de singles para disputar el cuarto y el quinto punto.<\/p>\n\n\n\n<figure class=\"wp-block-image\"><img decoding=\"async\" src=\"https:\/\/tn.com.ar\/resizer\/v2\/argentina-enfrentara-a-noruega-en-la-copa-davis-con-la-vuelta-de-horacio-zeballos-foto-ig-horaciozeballos-KV76QLPU2BFR3MXLEZQRKYCKD4.jpg?auth=4934186e450fc6f3d2c839a0840221d9432ab8bbbbb16a26d6dd69ec544de4e5&amp;width=767\" alt=\"Argentina enfrentar\u00e1 a Noruega en la Copa Davis con la vuelta de Horacio Zeballos. (Foto: IG @horaciozeballos)\"\/><\/figure>\n\n\n\n<h2 class=\"wp-block-heading\">Cu\u00e1ndo juega Argentina contra Noruega por la Copa Davis<\/h2>\n\n\n\n<p>El primer partido se jugar\u00e1 el jueves 30 de enero a las 14 (hora de la Argentina). Inmediatamente se disputar\u00e1 el segundo. El viernes a las 12 se jugar\u00e1 el dobles y, en caso de ser necesario, el cuarto y el quinto punto.<\/p>\n\n\n\n<h2 class=\"wp-block-heading\">D\u00f3nde ver Argentina contra Noruega por la Copa Davis<\/h2>\n\n\n\n<p>Toda la serie se podr\u00e1 ver por&nbsp;<em>TyC Sports<\/em>&nbsp;y&nbsp;<em>DSports.<\/em><\/p>\n","protected":false},"excerpt":{"rendered":"<p>Javier Frana tendr\u00e1 su primera serie como capit\u00e1n y el conjunto albiceleste contar\u00e1 con el regreso de Horacio Zeballos. El\u00a0equipo argentino\u00a0de tenis debutar\u00e1 este jueves en la\u00a0Copa Davis ante Noruega\u00a0en&hellip; <\/p>\n","protected":false},"author":8,"featured_media":187703,"comment_status":"closed","ping_status":"open","sticky":false,"template":"","format":"standard","meta":{"footnotes":""},"categories":[4],"tags":[],"class_list":["post-187702","post","type-post","status-publish","format-standard","has-post-thumbnail","hentry","category-deportes"],"_links":{"self":[{"href":"https:\/\/corrientesdetarde.com\/index.php\/wp-json\/wp\/v2\/posts\/187702","targetHints":{"allow":["GET"]}}],"collection":[{"href":"https:\/\/corrientesdetarde.com\/index.php\/wp-json\/wp\/v2\/posts"}],"about":[{"href":"https:\/\/corrientesdetarde.com\/index.php\/wp-json\/wp\/v2\/types\/post"}],"author":[{"embeddable":true,"href":"https:\/\/corrientesdetarde.com\/index.php\/wp-json\/wp\/v2\/users\/8"}],"replies":[{"embeddable":true,"href":"https:\/\/corrientesdetarde.com\/index.php\/wp-json\/wp\/v2\/comments?post=187702"}],"version-history":[{"count":1,"href":"https:\/\/corrientesdetarde.com\/index.php\/wp-json\/wp\/v2\/posts\/187702\/revisions"}],"predecessor-version":[{"id":187704,"href":"https:\/\/corrientesdetarde.com\/index.php\/wp-json\/wp\/v2\/posts\/187702\/revisions\/187704"}],"wp:featuredmedia":[{"embeddable":true,"href":"https:\/\/corrientesdetarde.com\/index.php\/wp-json\/wp\/v2\/media\/187703"}],"wp:attachment":[{"href":"https:\/\/corrientesdetarde.com\/index.php\/wp-json\/wp\/v2\/media?parent=187702"}],"wp:term":[{"taxonomy":"category","embeddable":true,"href":"https:\/\/corrientesdetarde.com\/index.php\/wp-json\/wp\/v2\/categories?post=187702"},{"taxonomy":"post_tag","embeddable":true,"href":"https:\/\/corrientesdetarde.com\/index.php\/wp-json\/wp\/v2\/tags?post=187702"}],"curies":[{"name":"wp","href":"https:\/\/api.w.org\/{rel}","templated":true}]}}