{"id":187705,"date":"2025-01-30T14:12:36","date_gmt":"2025-01-30T17:12:36","guid":{"rendered":"https:\/\/corrientesdetarde.com\/?p=187705"},"modified":"2025-01-30T14:12:41","modified_gmt":"2025-01-30T17:12:41","slug":"es-un-sueno-agustin-marchersin-fue-presentado-como-refuerzo-de-boca","status":"publish","type":"post","link":"https:\/\/corrientesdetarde.com\/index.php\/deportes\/es-un-sueno-agustin-marchersin-fue-presentado-como-refuerzo-de-boca\/","title":{"rendered":"\u201cEs un sue\u00f1o\u201d: Agust\u00edn Marchers\u00edn fue presentado como refuerzo de Boca"},"content":{"rendered":"\n<p>El arquero, quien lleg\u00f3 al Xeneize tras su paso por Gremio, habl\u00f3 junto a Juan Rom\u00e1n Riquelme conferencia de prensa. \u201cLlego en un gran momento\u201d, dijo.<\/p>\n\n\n\n<p>Tras el entrenamiento matutino,\u00a0<strong>Boca<\/strong>\u00a0oficializ\u00f3 la llegada de\u00a0<strong>Agust\u00edn Marches\u00edn<\/strong>\u00a0como nuevo refuerzo en el predio de Ezeiza. El arquero, quien lleg\u00f3 al Xeneize tras su paso por\u00a0<strong>Gremio de Porto Alegre<\/strong>, fue presentado en conferencia de prensa, donde expres\u00f3 su entusiasmo por defender el arco del club de la Ribera.<\/p>\n\n\n\n<h2 class=\"wp-block-heading\">Las primeras declaraciones de Agust\u00edn Marches\u00edn como nuevo refuerzo de Boca<\/h2>\n\n\n\n<ul class=\"wp-block-list\">\n<li>\u201cAgradecer a Rom\u00e1n y a toda la gente de Boca por esta oportunidad. Rom\u00e1n fue el \u00eddolo de mi infancia. Para m\u00ed es un sue\u00f1o estar ac\u00e1. Esta es una oportunidad muy importante, uno llega a defender por lo que uno ha hecho. Voy a defender como un hincha. Para ser jugador de Boca ten\u00e9s que jugar las 24 horas\u201d.<\/li>\n\n\n\n<li>\u201cLlego en un gran momento, super\u00e9 una lesi\u00f3n muy importante en Espa\u00f1a. Estoy agradecido con la gente de Gremio. Me siento con mucha hambre de lograr objetivos y de seguir ganando cosas\u201d.<\/li>\n\n\n\n<li>\u201cEl equipo de Bianchi fue el mejor equipo de la historia de Boca. He ido bastante a la Bombonera. Siempre me gust\u00f3 venir ac\u00e1\u201d.<\/li>\n\n\n\n<li>\u201cBoca es un club que tiene una magnitud muy grande. Disfruto el d\u00eda a d\u00eda y es una presi\u00f3n linda\u201d.<\/li>\n\n\n\n<li>\u201cBoca representa mucho. Para m\u00ed es un orgullo muy grande estar ac\u00e1. Es un arco especial y trabajar\u00e9 d\u00eda a d\u00eda para demostrar que estoy ac\u00e1\u201d.<\/li>\n\n\n\n<li>\u201cVenir a Boca fue algo f\u00e1cil de decidir\u201d.<\/li>\n\n\n\n<li>\u201cA Chiqui (Sergio Romero) y a Javi (Javier Garc\u00eda) los conozco desde hace tiempo. La competencia es muy buena y sana. Leandro (Brey) hizo muy bien los trabajos. Vamos a estar todos con muchas ganas de jugar\u201d.<\/li>\n\n\n\n<li>\u201cLas expectativas son ir por todo. Boca tiene que luchar por todo lo que juega\u201d.<\/li>\n\n\n\n<li>\u201cPara m\u00ed es una responsabilidad muy grande estar en cada club que jugu\u00e9. Es el club m\u00e1s grande que he estado. A la gente de Lan\u00fas le tengo un agradecimiento especial\u201d.<\/li>\n<\/ul>\n\n\n\n<figure class=\"wp-block-image\"><img decoding=\"async\" src=\"https:\/\/tn.com.ar\/resizer\/v2\/el-arquero-durante-su-primer-entrenamiento-en-boca-foto-bocajrsinstagram-TG425HNKZ5EZJL7NI5JLITCI6U.png?auth=dca1ab41c1f3ad434e6c2b699ba344fdbcb815a00b727dedeaa043e7e4fa2c4b&amp;width=767\" alt=\"El arquero durante su primer entrenamiento en Boca. (Foto: @bocajrs\/Instagram)\"\/><\/figure>\n\n\n\n<h2 class=\"wp-block-heading\">La carrera de Agust\u00edn Marches\u00edn<\/h2>\n\n\n\n<p>El arquero hizo las inferiores en Hurac\u00e1n de Tres Arroyos y luego&nbsp;<strong>fue comprado por Lan\u00fas, en 2007, en donde se asent\u00f3 como uno de los mejores jugadores del f\u00fatbol argentino<\/strong>. En 2015 fue traspasado al Santos Laguna de M\u00e9xico y en 2017, al Am\u00e9rica, en donde se consagr\u00f3 campe\u00f3n.<\/p>\n\n\n\n<p><strong>En 2019 lleg\u00f3 al punto m\u00e1s alto de su carrera al fichar por el Porto de Portugal, donde lleg\u00f3 a jugar la Champions League.<\/strong>&nbsp;A mediados del 2022, fue traspasado al Celta de Vigo de Espa\u00f1a y en 2024 arrib\u00f3 con el pase en su poder a Gremio, donde actualmente se desempe\u00f1a y es el arquero titular.<\/p>\n\n\n\n<p>Tambi\u00e9n fue&nbsp;<strong>convocado en varias ocasiones a la Selecci\u00f3n argentina<\/strong>. La primera citaci\u00f3n fue en 2010, cuando Sergio Batista era el entrenador. Un a\u00f1o despu\u00e9s, debut\u00f3 en un amistoso contra Venezuela, donde fue reemplazado en el segundo tiempo por&nbsp;<strong>Javier Garc\u00eda<\/strong>, su nuevo compa\u00f1ero en Boca.<\/p>\n\n\n\n<p>A lo largo de su carrera,<strong>&nbsp;distintos t\u00e9cnicos lo consideraron para integrar el equipo nacional<\/strong>. Sin embargo, uno de los momentos m\u00e1s dif\u00edciles&nbsp;<strong>fue quedar fuera de la lista definitiva para el Mundial de Rusia 2018<\/strong>. La revancha lleg\u00f3 bajo la direcci\u00f3n de Lionel Scaloni, quien lo convoc\u00f3 para formar parte del equipo que se coron\u00f3&nbsp;<strong>campe\u00f3n de la Copa Am\u00e9rica 2021<\/strong>.<\/p>\n\n\n\n<p>Ese mismo a\u00f1o, antes del certamen, reemplaz\u00f3 a&nbsp;<strong>Emiliano Mart\u00ednez<\/strong>&nbsp;en el empate 2-2 frente a Colombia por las Eliminatorias rumbo a Qatar.<\/p>\n","protected":false},"excerpt":{"rendered":"<p>El arquero, quien lleg\u00f3 al Xeneize tras su paso por Gremio, habl\u00f3 junto a Juan Rom\u00e1n Riquelme conferencia de prensa. \u201cLlego en un gran momento\u201d, dijo. Tras el entrenamiento matutino,\u00a0Boca\u00a0oficializ\u00f3&hellip; <\/p>\n","protected":false},"author":8,"featured_media":187706,"comment_status":"closed","ping_status":"open","sticky":false,"template":"","format":"standard","meta":{"footnotes":""},"categories":[4],"tags":[],"class_list":["post-187705","post","type-post","status-publish","format-standard","has-post-thumbnail","hentry","category-deportes"],"_links":{"self":[{"href":"https:\/\/corrientesdetarde.com\/index.php\/wp-json\/wp\/v2\/posts\/187705","targetHints":{"allow":["GET"]}}],"collection":[{"href":"https:\/\/corrientesdetarde.com\/index.php\/wp-json\/wp\/v2\/posts"}],"about":[{"href":"https:\/\/corrientesdetarde.com\/index.php\/wp-json\/wp\/v2\/types\/post"}],"author":[{"embeddable":true,"href":"https:\/\/corrientesdetarde.com\/index.php\/wp-json\/wp\/v2\/users\/8"}],"replies":[{"embeddable":true,"href":"https:\/\/corrientesdetarde.com\/index.php\/wp-json\/wp\/v2\/comments?post=187705"}],"version-history":[{"count":1,"href":"https:\/\/corrientesdetarde.com\/index.php\/wp-json\/wp\/v2\/posts\/187705\/revisions"}],"predecessor-version":[{"id":187707,"href":"https:\/\/corrientesdetarde.com\/index.php\/wp-json\/wp\/v2\/posts\/187705\/revisions\/187707"}],"wp:featuredmedia":[{"embeddable":true,"href":"https:\/\/corrientesdetarde.com\/index.php\/wp-json\/wp\/v2\/media\/187706"}],"wp:attachment":[{"href":"https:\/\/corrientesdetarde.com\/index.php\/wp-json\/wp\/v2\/media?parent=187705"}],"wp:term":[{"taxonomy":"category","embeddable":true,"href":"https:\/\/corrientesdetarde.com\/index.php\/wp-json\/wp\/v2\/categories?post=187705"},{"taxonomy":"post_tag","embeddable":true,"href":"https:\/\/corrientesdetarde.com\/index.php\/wp-json\/wp\/v2\/tags?post=187705"}],"curies":[{"name":"wp","href":"https:\/\/api.w.org\/{rel}","templated":true}]}}