{"id":187708,"date":"2025-01-30T14:15:22","date_gmt":"2025-01-30T17:15:22","guid":{"rendered":"https:\/\/corrientesdetarde.com\/?p=187708"},"modified":"2025-01-30T14:15:27","modified_gmt":"2025-01-30T17:15:27","slug":"trump-confirmo-que-murieron-los-64-pasajeros-del-avion-de-american-airlines-que-choco-en-washington","status":"publish","type":"post","link":"https:\/\/corrientesdetarde.com\/index.php\/internacionales\/trump-confirmo-que-murieron-los-64-pasajeros-del-avion-de-american-airlines-que-choco-en-washington\/","title":{"rendered":"Trump confirm\u00f3 que murieron los 64 pasajeros del avi\u00f3n de American Airlines que choc\u00f3 en Washington"},"content":{"rendered":"\n<p>El presidente de Estados Unidos explic\u00f3 que a\u00fan se desconocen las causas del terrible accidente. \u201cFue una noche oscura para nuestra naci\u00f3n, una tragedia de proporciones horribles\u201d, lament\u00f3. Adem\u00e1s, acus\u00f3 a Biden y a Obama de rebajar las normas de seguridad.<\/p>\n\n\n\n<p><strong>Un avi\u00f3n con 64 personas a bordo\u00a0choc\u00f3 con un helic\u00f3ptero militar en el que iban tres soldados cuando se aproximaba\u00a0<\/strong>al\u00a0<strong>Aeropuerto Nacional Ronald Reagan de Washington D.C\u00a0<\/strong>el mi\u00e9rcoles por la noche. Seg\u00fan reportaron las autoridades, las aeronaves cayeron en el R\u00edo Potomac.<\/p>\n\n\n\n<p>Luego de varias horas de trabajo en el lugar, el presidente estadounidense,<strong>&nbsp;Donald Trump, confirm\u00f3 que todos los pasajeros murieron tras el impacto<\/strong>&nbsp;y asegur\u00f3 que continuar\u00e1n trabajando en la zona para esclarecer las causas del brutal episodio.<\/p>\n\n\n\n<p>\u201cTristemente no hay sobreviviente alguno. Fue una noche oscura para nuestra naci\u00f3n, una tragedia de proporciones horribles\u201d, lament\u00f3 el mandatario. Adem\u00e1s, explic\u00f3 que si bien los investigadores tienen teor\u00edas de lo que pudo haber sucedido, a\u00fan no se sabe con certeza.<\/p>\n\n\n\n<p>Adem\u00e1s, acusado a Biden y Obama de rebajar las normas de seguridad a\u00e9reas con pol\u00edticas de diversidad. \u201cYo pongo la seguridad primero. Obama, Biden y los dem\u00f3cratas pusieron la pol\u00edtica en primer lugar\u201d, se\u00f1al\u00f3.&nbsp;<strong>\u201cDe hecho salieron con una directiva: \u2018demasiado blanco\u2019. Y nosotros queremos a la gente que es competente\u201d,&nbsp;<\/strong>insisti\u00f3.<\/p>\n\n\n\n<h2 class=\"wp-block-heading\">La operaci\u00f3n de recuperaci\u00f3n<\/h2>\n\n\n\n<p>\u201cA esta altura,&nbsp;<strong>no creemos que haya sobrevivientes<\/strong>\u201d, manifest\u00f3 esta ma\u00f1ana el jefe de Bomberos y servicios de Emergencia de Washington,&nbsp;<strong>John Donelly<\/strong>, en una conferencia de prensa. Para ese entonces, hab\u00eda explicado que recuperaron<strong>&nbsp;un total de 28 cuerpos: 27 del avi\u00f3n y uno del helic\u00f3ptero<\/strong>.<\/p>\n\n\n\n<p>\u201cEstamos pasando de una&nbsp;<strong>operaci\u00f3n de rescate a una operaci\u00f3n de recuperaci\u00f3n de los cuerpos\u201d<\/strong>, agreg\u00f3. \u201cSeguiremos trabajando para encontrar todos los cuerpos y reunirlos con sus seres queridos\u201d, dijo Donnelly.<\/p>\n\n\n\n<figure class=\"wp-block-image\"><img decoding=\"async\" src=\"https:\/\/tn.com.ar\/resizer\/v2\/el-avion-se-partio-en-varios-pedazos-tras-chocar-contra-el-helicotero-foto-afpandrew-caballeros-reynolds-K73LUSVTMBG35D27PLX4KV6ABA.jpg?auth=febd8c6be7ba94bc2b960ec63ae576b001f372a3ebb8be271dcdb69570ce56fd&amp;width=767\" alt=\"El avi\u00f3n se parti\u00f3 en varios pedazos tras chocar contra el helic\u00f3tero. (Foto: AFP\/Andrew Caballeros Reynolds).\"\/><\/figure>\n\n\n\n<p>La Administraci\u00f3n Federal de Aviaci\u00f3n indic\u00f3 que el avi\u00f3n choc\u00f3 en el aire con un helic\u00f3ptero cuando se aproximaba a la pista del aeropuerto. El avi\u00f3n operaba&nbsp;<strong>el vuelo 5342 de American Airlines<\/strong>&nbsp;que ven\u00eda de Wichita, Kansas, seg\u00fan precisaron las autoridades.<\/p>\n\n\n\n<figure class=\"wp-block-image\"><img decoding=\"async\" src=\"https:\/\/tn.com.ar\/resizer\/v2\/equipos-de-rescate-se-preparan-para-buscar-en-el-rio-potomac-tras-la-colision-en-el-aire-de-un-avion-comercial-con-un-helicoptero-militar-cerca-del-aeropuerto-ronald-reagan-de-washington-eeuu-foto-efeepashawn-thew-6OBPSSPWPJFWPOROJYC2E455OM.jfif?auth=d401c25a45215e551ef3b0ccf7300ec31dab54d41fa391db29932933b03d9bd5&amp;width=767\" alt=\"Equipos de rescate se preparan para buscar en el r\u00edo Potomac tras la colisi\u00f3n en el aire de un avi\u00f3n comercial con un helic\u00f3ptero militar cerca del aeropuerto Ronald Reagan de Washington, EE.UU. (Foto: EFE\/EPA\/Shawn Thew).\"\/><\/figure>\n\n\n\n<h2 class=\"wp-block-heading\">Qu\u00e9 se sabe sobre el choque entre un helic\u00f3ptero y un avi\u00f3n en Estados Unidos<\/h2>\n\n\n\n<p>En un comunicado, el Ej\u00e9rcito indic\u00f3 que el helic\u00f3ptero&nbsp;<strong>estaba en una misi\u00f3n de entrenamiento<\/strong>&nbsp;y precis\u00f3 que iban tres militares a bordo. En el agua permanecen el avi\u00f3n, partido en dos partes, y el helic\u00f3ptero.<\/p>\n\n\n\n<p>\u201cLos investigadores se est\u00e1n centrando en por qu\u00e9 el helic\u00f3ptero volaba en ese lugar y a esa altitud en ese momento\u201d, indic\u00f3 una fuente a&nbsp;<em>CBS<\/em>.<\/p>\n\n\n\n<h2 class=\"wp-block-heading\">Un rescate en condiciones extremas<\/h2>\n\n\n\n<p>Debido a las bajas temperatura (alrededor de 6 grados), el viento y la oscuridad, las labores de rescate no son f\u00e1ciles.<\/p>\n\n\n\n<p>\u201cEs una operaci\u00f3n muy compleja.&nbsp;<strong>Las condiciones son extremadamente duras para los socorristas<\/strong>. Hace fr\u00edo y est\u00e1n lidiando con condiciones relativamente ventosas. El viento es fuerte en el r\u00edo\u201d, dijo John Donnelly, jefe del Servicio de Emergencias de Washington, en una conferencia de prensa. En el operativo se desplegaron 300 unidades de emergencias, entre camiones de bomberos, autos de la polic\u00eda, ambulancias, barcos de rescate y unidades de buceadores.<\/p>\n\n\n\n<p><strong>Los despegues y aterrizajes fueron suspendidos en el aeropuerto, mientras el personal de emergencia trabaja en las tareas de rescate,<\/strong>&nbsp;informaron desde el aeropuerto en una publicaci\u00f3n en X.<\/p>\n\n\n\n<figure class=\"wp-block-image\"><img decoding=\"async\" src=\"https:\/\/tn.com.ar\/resizer\/v2\/https%3A%2F%2Fthumbs.vodgc.net%2F1-14-5aEeEQ1738214405146_720P.jpg?auth=f12116570bc45e2e7fa0f1cc62a97a1a2cb7e36a92d97f07d8890f6a55402cc9&amp;width=767\" alt=\"Video Placeholder\"\/><\/figure>\n\n\n\n<p><\/p>\n\n\n\n<p>En un comunicado publicado a trav\u00e9s de su p\u00e1gina web,&nbsp;<strong>American Airlines confirm\u00f3 que el vuelo 5342 de American Eagle viajaba con 60 pasajeros y 4 tripulantes<\/strong>.<\/p>\n\n\n\n<p>La aeronave, un CRJ-700, era operada por PSA Airlines. \u201cNos preocupan los pasajeros y la tripulaci\u00f3n del avi\u00f3n. Estamos en contacto con las autoridades y colaborando en la respuesta de emergencia\u201d, indic\u00f3 la empresa. A\u00fan se desconoce la cantidad de ocupantes del helic\u00f3ptero Black Hawk.<\/p>\n\n\n\n<figure class=\"wp-block-image\"><img decoding=\"async\" src=\"https:\/\/tn.com.ar\/resizer\/v2\/trump-confirmo-que-murieron-los-64-pasajeros-del-avion-de-american-airlines-que-choco-en-washington-GYGCTETIQRETBDFVC42VNCHLQI.jpg?auth=daf99efb54e2a09b9f3456fe18cafdf6c5e5ef35a3d65c19d7017fc0bdc99572&amp;width=767\" alt=\"Trump confirm\u00f3 que murieron los 64 pasajeros del avi\u00f3n de American Airlines que choc\u00f3 en Washington\"\/><\/figure>\n\n\n\n<p>La alcaldesa de Washington,&nbsp;<strong>Muriel Bowser<\/strong>, dijo: \u201cSentimos much\u00edsimo que las familias est\u00e9n sufriendo p\u00e9rdidas. Queremos que se sepa que continuaremos trabajando con American Airlines para compartir informaci\u00f3n con la mayor frecuencia posible y asegurarnos de que obtengamos informaci\u00f3n precisa\u201d.<\/p>\n\n\n\n<p>Mediante su perfil en Truth Social, el presidente&nbsp;<strong>Donald Trump<\/strong>&nbsp;se refiri\u00f3 al hecho: \u201cEs una noche clara, las luces del avi\u00f3n estaban encendidas, \u00bfpor qu\u00e9 el helic\u00f3ptero no subi\u00f3, ni baj\u00f3, ni gir\u00f3?&nbsp;<strong>\u00bfPor qu\u00e9 la torre de control no le dijo al helic\u00f3ptero qu\u00e9 hacer en lugar de preguntar si vieron el avi\u00f3n?<\/strong>&nbsp;Esta es una mala situaci\u00f3n que parece que deber\u00eda haberse evitado\u201d.<\/p>\n\n\n\n<figure class=\"wp-block-image\"><img decoding=\"async\" src=\"https:\/\/tn.com.ar\/resizer\/v2\/dos-botes-trabajan-en-el-sitio-donde-un-avion-choco-contra-un-helicoptero-militar-sobre-el-rio-potomac-cerca-del-aeropuerto-nacional-ronald-reagan-de-washington-ap-fotojulio-cortez-C742I4NDREM4URFXOGXHLZTFIU.jpg?auth=d41ca248832dba458d6507c691af8dc6ce8b1d183448e53209934bdde251500e&amp;width=767\" alt=\"Dos botes trabajan en el sitio donde un avi\u00f3n choc\u00f3 contra un helic\u00f3ptero militar sobre el r\u00edo Potomac, cerca del Aeropuerto Nacional Ronald Reagan de Washington. (AP Foto\/Julio Cortez)\"\/><\/figure>\n\n\n\n<p>Por su parte, a trav\u00e9s de su perfil en X, el vicepresidente de los Estados Unidos,&nbsp;<strong>J.D. Vance<\/strong>, escribi\u00f3: \u201cPor favor, recen por todos los implicados en la colisi\u00f3n en pleno vuelo cerca del aeropuerto Reagan esta tarde.&nbsp;<strong>Estamos monitoreando la situaci\u00f3n, pero por ahora esperemos lo mejor<\/strong>\u201d.<\/p>\n\n\n\n<p>La Administraci\u00f3n Federal de Aviaci\u00f3n asegur\u00f3 que estaba llevando a cabo una investigaci\u00f3n sobre el accidente.<\/p>\n","protected":false},"excerpt":{"rendered":"<p>El presidente de Estados Unidos explic\u00f3 que a\u00fan se desconocen las causas del terrible accidente. \u201cFue una noche oscura para nuestra naci\u00f3n, una tragedia de proporciones horribles\u201d, lament\u00f3. Adem\u00e1s, acus\u00f3&hellip; <\/p>\n","protected":false},"author":8,"featured_media":187709,"comment_status":"closed","ping_status":"open","sticky":false,"template":"","format":"standard","meta":{"footnotes":""},"categories":[11],"tags":[],"class_list":["post-187708","post","type-post","status-publish","format-standard","has-post-thumbnail","hentry","category-internacionales"],"_links":{"self":[{"href":"https:\/\/corrientesdetarde.com\/index.php\/wp-json\/wp\/v2\/posts\/187708","targetHints":{"allow":["GET"]}}],"collection":[{"href":"https:\/\/corrientesdetarde.com\/index.php\/wp-json\/wp\/v2\/posts"}],"about":[{"href":"https:\/\/corrientesdetarde.com\/index.php\/wp-json\/wp\/v2\/types\/post"}],"author":[{"embeddable":true,"href":"https:\/\/corrientesdetarde.com\/index.php\/wp-json\/wp\/v2\/users\/8"}],"replies":[{"embeddable":true,"href":"https:\/\/corrientesdetarde.com\/index.php\/wp-json\/wp\/v2\/comments?post=187708"}],"version-history":[{"count":1,"href":"https:\/\/corrientesdetarde.com\/index.php\/wp-json\/wp\/v2\/posts\/187708\/revisions"}],"predecessor-version":[{"id":187710,"href":"https:\/\/corrientesdetarde.com\/index.php\/wp-json\/wp\/v2\/posts\/187708\/revisions\/187710"}],"wp:featuredmedia":[{"embeddable":true,"href":"https:\/\/corrientesdetarde.com\/index.php\/wp-json\/wp\/v2\/media\/187709"}],"wp:attachment":[{"href":"https:\/\/corrientesdetarde.com\/index.php\/wp-json\/wp\/v2\/media?parent=187708"}],"wp:term":[{"taxonomy":"category","embeddable":true,"href":"https:\/\/corrientesdetarde.com\/index.php\/wp-json\/wp\/v2\/categories?post=187708"},{"taxonomy":"post_tag","embeddable":true,"href":"https:\/\/corrientesdetarde.com\/index.php\/wp-json\/wp\/v2\/tags?post=187708"}],"curies":[{"name":"wp","href":"https:\/\/api.w.org\/{rel}","templated":true}]}}