{"id":187758,"date":"2025-01-30T23:45:43","date_gmt":"2025-01-31T02:45:43","guid":{"rendered":"https:\/\/corrientesdetarde.com\/?p=187758"},"modified":"2025-01-30T23:45:57","modified_gmt":"2025-01-31T02:45:57","slug":"coti-romero-revelo-por-que-no-ira-al-cumpleanos-de-las-gemelas-de-daniela-y-thiago","status":"publish","type":"post","link":"https:\/\/corrientesdetarde.com\/index.php\/espectaculos\/coti-romero-revelo-por-que-no-ira-al-cumpleanos-de-las-gemelas-de-daniela-y-thiago\/","title":{"rendered":"Coti Romero revel\u00f3 por qu\u00e9 no ir\u00e1 al cumplea\u00f1os de las gemelas de Daniela\u00a0y Thiago"},"content":{"rendered":"\n<p>Mientras Daniela Celis y Thiago Medina alistan los detalles de la mega fiesta que en las pr\u00f3ximas horas dar\u00e1n para celebrar el primer a\u00f1o de vida de sus bebas, Laia y Aim\u00e9, la correntina Coti Romero confirm\u00f3 que no ser\u00e1 de la partida.<\/p>\n\n\n\n<p>Como era de suponer, en la lista de invitados figuran muchos exparticipantes de Gran Hermano 2022 que compartieron el reality con Pesta\u00f1ela y Thiago, como Romina Uhrig, Julieta Poggio o Nacho Casta\u00f1ares -madrina y padrino \u00e9stos dos \u00faltimos de la gemelas-.<\/p>\n\n\n\n<p>Y como la correntina est\u00e1 de novia con Nacho, el correr del tiempo hizo que la Coti y Daniela lograran una buena relaci\u00f3n, motivo por el cual tambi\u00e9n est\u00e1 s\u00faper invitada al festejo.<\/p>\n\n\n\n<p>En tanto, en las \u00faltimas horas Coti Romero revel\u00f3 desde su canal de difusi\u00f3n los motivos por los que no acompa\u00f1ar\u00e1 a Laia y Aim\u00e9 a soplar su primera velita.<\/p>\n\n\n\n<p>\u201cMe encantar\u00eda acompa\u00f1ar a Nacho al cumple de las hermosas, pero quiero que pase un d\u00eda hermoso con su familia (que lo son) y disfruten de esto, que es hermoso y muy especial. Le llev\u00e9 los regalitos a Dani ayer y se lo coment\u00e9, las bebas son hermosas y es su d\u00eda\u201d, comenz\u00f3 explicando Coti.<\/p>\n\n\n\n<p>Lo cierto es que la correntina explic\u00f3 que viajar\u00e1 a sus pagos por los cumplea\u00f1os de su prima, su primo y su hermanita Gabi seg\u00fan confi\u00f3 la propia Romero. \u201cVoy a pasar el finde con mi familia y mis amigas, hace mucho no los veo y, si no, ser\u00e1 reci\u00e9n a mediados de marzo. Es much\u00edsimo tiempo&#8230;\u201d, concluy\u00f3.<\/p>\n\n\n\n<figure class=\"wp-block-image\"><img decoding=\"async\" src=\"https:\/\/pxcdn.ellitoral.com.ar\/litoral\/012025\/1738272161501.jpg?cw=807\" alt=\"Coti Romero revel\u00f3 por qu\u00e9 no ir\u00e1 al cumplea\u00f1os de las gemelas de Daniela\u00a0y Thiago\" title=\"Coti Romero revel\u00f3 por qu\u00e9 no ir\u00e1 al cumplea\u00f1os de las gemelas de Daniela\u00a0y Thiago-\"\/><\/figure>\n","protected":false},"excerpt":{"rendered":"<p>Mientras Daniela Celis y Thiago Medina alistan los detalles de la mega fiesta que en las pr\u00f3ximas horas dar\u00e1n para celebrar el primer a\u00f1o de vida de sus bebas, Laia&hellip; <\/p>\n","protected":false},"author":1,"featured_media":187766,"comment_status":"closed","ping_status":"open","sticky":false,"template":"","format":"standard","meta":{"footnotes":""},"categories":[19],"tags":[],"class_list":["post-187758","post","type-post","status-publish","format-standard","has-post-thumbnail","hentry","category-espectaculos"],"_links":{"self":[{"href":"https:\/\/corrientesdetarde.com\/index.php\/wp-json\/wp\/v2\/posts\/187758","targetHints":{"allow":["GET"]}}],"collection":[{"href":"https:\/\/corrientesdetarde.com\/index.php\/wp-json\/wp\/v2\/posts"}],"about":[{"href":"https:\/\/corrientesdetarde.com\/index.php\/wp-json\/wp\/v2\/types\/post"}],"author":[{"embeddable":true,"href":"https:\/\/corrientesdetarde.com\/index.php\/wp-json\/wp\/v2\/users\/1"}],"replies":[{"embeddable":true,"href":"https:\/\/corrientesdetarde.com\/index.php\/wp-json\/wp\/v2\/comments?post=187758"}],"version-history":[{"count":1,"href":"https:\/\/corrientesdetarde.com\/index.php\/wp-json\/wp\/v2\/posts\/187758\/revisions"}],"predecessor-version":[{"id":187767,"href":"https:\/\/corrientesdetarde.com\/index.php\/wp-json\/wp\/v2\/posts\/187758\/revisions\/187767"}],"wp:featuredmedia":[{"embeddable":true,"href":"https:\/\/corrientesdetarde.com\/index.php\/wp-json\/wp\/v2\/media\/187766"}],"wp:attachment":[{"href":"https:\/\/corrientesdetarde.com\/index.php\/wp-json\/wp\/v2\/media?parent=187758"}],"wp:term":[{"taxonomy":"category","embeddable":true,"href":"https:\/\/corrientesdetarde.com\/index.php\/wp-json\/wp\/v2\/categories?post=187758"},{"taxonomy":"post_tag","embeddable":true,"href":"https:\/\/corrientesdetarde.com\/index.php\/wp-json\/wp\/v2\/tags?post=187758"}],"curies":[{"name":"wp","href":"https:\/\/api.w.org\/{rel}","templated":true}]}}