{"id":187772,"date":"2025-01-31T08:49:24","date_gmt":"2025-01-31T11:49:24","guid":{"rendered":"https:\/\/corrientesdetarde.com\/?p=187772"},"modified":"2025-01-31T08:49:29","modified_gmt":"2025-01-31T11:49:29","slug":"corrientes-articula-lazos-con-jujuy-en-pos-de-incentivar-el-intercambio-turistico-y-cultural","status":"publish","type":"post","link":"https:\/\/corrientesdetarde.com\/index.php\/locales\/corrientes-articula-lazos-con-jujuy-en-pos-de-incentivar-el-intercambio-turistico-y-cultural\/","title":{"rendered":"Corrientes articula lazos con Jujuy en pos de incentivar el intercambio tur\u00edstico y cultural"},"content":{"rendered":"\n<p><em>El intendente Eduardo Tassano recibi\u00f3 a su par de Monterrico, Jujuy, Luciano Moreira este jueves con quien firm\u00f3 un convenio de vinculaciones art\u00edsticas en pos de llevar a la \u00faltima campeona del Carnaval Barrial 2024 a tres localidades de la vecina provincia para dar a conocer la propuesta cultural de Corrientes y a la vez, incentivar el intercambio tur\u00edstico<\/em>.<\/p>\n\n\n\n<figure class=\"wp-block-image size-large\"><img loading=\"lazy\" decoding=\"async\" width=\"1024\" height=\"686\" src=\"https:\/\/corrientesdetarde.com\/wp-content\/uploads\/2025\/01\/image-740-1024x686.png\" alt=\"\" class=\"wp-image-187773\" srcset=\"https:\/\/corrientesdetarde.com\/wp-content\/uploads\/2025\/01\/image-740-1024x686.png 1024w, https:\/\/corrientesdetarde.com\/wp-content\/uploads\/2025\/01\/image-740-300x201.png 300w, https:\/\/corrientesdetarde.com\/wp-content\/uploads\/2025\/01\/image-740-768x515.png 768w, https:\/\/corrientesdetarde.com\/wp-content\/uploads\/2025\/01\/image-740.png 1253w\" sizes=\"auto, (max-width: 1024px) 100vw, 1024px\" \/><\/figure>\n\n\n\n<p>El intendente Eduardo Tassano recibi\u00f3 a su par de Monterrico, Jujuy, Luciano Moreira, quien visit\u00f3 Corrientes para agradecer en persona las gestiones realizadas por haber facilitado el env\u00edo de la comparsa Osiris a su ciudad. Durante la visita, Moreira obsequi\u00f3 vinos de su localidad perteneciente a emprendimientos locales de la provincia juje\u00f1a al intendente Tassano y acto seguido, firmaron un convenio para poder estrechar lazos a futuro y ratificar el compromiso de mostrar los atractivos culturales de Corrientes en la provincia vecina en pos de generar mayor intercambio tur\u00edstico.<\/p>\n\n\n\n<p>El objetivo del convenio es que una comparsa correntina regrese a participar en los carnavales juje\u00f1os, en este caso, ser\u00eda Ar\u00e1 Por\u00e1 \u2013ganadora de la edici\u00f3n 2024 de los Carnavales Barriales-.&nbsp;<\/p>\n\n\n\n<p>Al respecto, Tassano destac\u00f3 que \u201capostamos al intercambio cultural y buscamos estrechar v\u00ednculos con la localidad juje\u00f1a\u201d y agreg\u00f3 que \u201cotro de los puntos que trabajamos ser\u00e1 el impacto tur\u00edstico entre ambas provincias\u201d.<\/p>\n\n\n\n<figure class=\"wp-block-image size-large\"><img loading=\"lazy\" decoding=\"async\" width=\"1024\" height=\"671\" src=\"https:\/\/corrientesdetarde.com\/wp-content\/uploads\/2025\/01\/image-741-1024x671.png\" alt=\"\" class=\"wp-image-187774\" srcset=\"https:\/\/corrientesdetarde.com\/wp-content\/uploads\/2025\/01\/image-741-1024x671.png 1024w, https:\/\/corrientesdetarde.com\/wp-content\/uploads\/2025\/01\/image-741-300x197.png 300w, https:\/\/corrientesdetarde.com\/wp-content\/uploads\/2025\/01\/image-741-768x503.png 768w, https:\/\/corrientesdetarde.com\/wp-content\/uploads\/2025\/01\/image-741.png 1251w\" sizes=\"auto, (max-width: 1024px) 100vw, 1024px\" \/><\/figure>\n\n\n\n<p>Asimismo, hizo hincapi\u00e9 en la relevancia de poder continuar trabajando en la posibilidad de seguir generando vinculaciones de todo tipo para incrementar el impacto tur\u00edstico y cultural entre las provincias del NEA y NOA.<\/p>\n\n\n\n<p>VINCULACIONES Y AGRADECIMIENTO<\/p>\n\n\n\n<p>Por su parte, el intendente de la localidad de Monterrico, Jujuy, Luciano Moreira se\u00f1al\u00f3 que \u201cbuscamos potenciar las vinculaciones y promocionar el carnaval\u201d porque \u201cpara nosotros es una gran oportunidad de que nuevamente tengamos en tres localidades a los representantes correntinos\u201d.<\/p>\n\n\n\n<p>\u201cEs una enriquecedora vinculaci\u00f3n\u201d, indic\u00f3 al destacar la importancia de la firma de convenio realizada en la jornada.<\/p>\n\n\n\n<figure class=\"wp-block-image size-large\"><img loading=\"lazy\" decoding=\"async\" width=\"1024\" height=\"678\" src=\"https:\/\/corrientesdetarde.com\/wp-content\/uploads\/2025\/01\/image-742-1024x678.png\" alt=\"\" class=\"wp-image-187775\" srcset=\"https:\/\/corrientesdetarde.com\/wp-content\/uploads\/2025\/01\/image-742-1024x678.png 1024w, https:\/\/corrientesdetarde.com\/wp-content\/uploads\/2025\/01\/image-742-300x199.png 300w, https:\/\/corrientesdetarde.com\/wp-content\/uploads\/2025\/01\/image-742-768x508.png 768w, https:\/\/corrientesdetarde.com\/wp-content\/uploads\/2025\/01\/image-742.png 1260w\" sizes=\"auto, (max-width: 1024px) 100vw, 1024px\" \/><\/figure>\n","protected":false},"excerpt":{"rendered":"<p>El intendente Eduardo Tassano recibi\u00f3 a su par de Monterrico, Jujuy, Luciano Moreira este jueves con quien firm\u00f3 un convenio de vinculaciones art\u00edsticas en pos de llevar a la \u00faltima&hellip; <\/p>\n","protected":false},"author":4,"featured_media":187776,"comment_status":"closed","ping_status":"open","sticky":false,"template":"","format":"standard","meta":{"footnotes":""},"categories":[8],"tags":[],"class_list":["post-187772","post","type-post","status-publish","format-standard","has-post-thumbnail","hentry","category-locales"],"_links":{"self":[{"href":"https:\/\/corrientesdetarde.com\/index.php\/wp-json\/wp\/v2\/posts\/187772","targetHints":{"allow":["GET"]}}],"collection":[{"href":"https:\/\/corrientesdetarde.com\/index.php\/wp-json\/wp\/v2\/posts"}],"about":[{"href":"https:\/\/corrientesdetarde.com\/index.php\/wp-json\/wp\/v2\/types\/post"}],"author":[{"embeddable":true,"href":"https:\/\/corrientesdetarde.com\/index.php\/wp-json\/wp\/v2\/users\/4"}],"replies":[{"embeddable":true,"href":"https:\/\/corrientesdetarde.com\/index.php\/wp-json\/wp\/v2\/comments?post=187772"}],"version-history":[{"count":2,"href":"https:\/\/corrientesdetarde.com\/index.php\/wp-json\/wp\/v2\/posts\/187772\/revisions"}],"predecessor-version":[{"id":187778,"href":"https:\/\/corrientesdetarde.com\/index.php\/wp-json\/wp\/v2\/posts\/187772\/revisions\/187778"}],"wp:featuredmedia":[{"embeddable":true,"href":"https:\/\/corrientesdetarde.com\/index.php\/wp-json\/wp\/v2\/media\/187776"}],"wp:attachment":[{"href":"https:\/\/corrientesdetarde.com\/index.php\/wp-json\/wp\/v2\/media?parent=187772"}],"wp:term":[{"taxonomy":"category","embeddable":true,"href":"https:\/\/corrientesdetarde.com\/index.php\/wp-json\/wp\/v2\/categories?post=187772"},{"taxonomy":"post_tag","embeddable":true,"href":"https:\/\/corrientesdetarde.com\/index.php\/wp-json\/wp\/v2\/tags?post=187772"}],"curies":[{"name":"wp","href":"https:\/\/api.w.org\/{rel}","templated":true}]}}