{"id":187794,"date":"2025-01-31T09:41:27","date_gmt":"2025-01-31T12:41:27","guid":{"rendered":"https:\/\/corrientesdetarde.com\/?p=187794"},"modified":"2025-01-31T09:41:39","modified_gmt":"2025-01-31T12:41:39","slug":"suben-tarifas-de-luz-y-gas-y-el-gobierno-recorta-una-parte-de-subsidios-a-la-clase-media","status":"publish","type":"post","link":"https:\/\/corrientesdetarde.com\/index.php\/economia\/suben-tarifas-de-luz-y-gas-y-el-gobierno-recorta-una-parte-de-subsidios-a-la-clase-media\/","title":{"rendered":"Suben tarifas de luz y gas y el Gobierno recorta una parte de subsidios a la clase media"},"content":{"rendered":"\n<p>El Gobierno busca marcar la &#8220;pauta de inflaci\u00f3n&#8221;&nbsp;a trav\u00e9s de estos&nbsp;precios regulados.<\/p>\n\n\n\n<p>En febrero habr\u00e1 un aumento de las tarifas de energ\u00eda el\u00e9ctrica de 1,5% promedio y de 1,6% promedio para el gas por redes en todo el pa\u00eds, de acuerdo a lo que se public\u00f3 en el Bolet\u00edn Oficial este viernes.<\/p>\n\n\n\n<p>M\u00e1s all\u00e1 del impacto en los bolsillos, el Gobierno busca consolidar la baja de la inflaci\u00f3n a trav\u00e9s de estos precios regulados. En enero, la &#8220;pauta de inflaci\u00f3n&#8221; hab\u00eda sido de 1,6% en la luz y 1,8% en el gas.<\/p>\n\n\n\n<p>Mientras tanto. el Gobierno avanz\u00f3 otra vez con la quita de una parte de los subsidios a la energ\u00eda para los hogares de clase media y de menores recursos. Quiere que los costos de la energ\u00eda impacten en las tarifas que pagan los usuarios para que el se produzca un ahorro en el Estado.<\/p>\n\n\n\n<p>Las medidas fueron publicadas este viernes 31 de enero en el Bolet\u00edn Oficial, mediante las resoluciones 24, 25 y 26 de la Secretar\u00eda de Energ\u00eda; las resoluciones 60 a 69 del Ente Nacional Regulador del Gas (Enargas); y las resoluciones 82 a 89 del Ente Nacional Regulador de la Electricidad (ENRE).<\/p>\n\n\n\n<p>&#8220;A los fines de garantizar un suministro de gas y energ\u00eda el\u00e9ctrica sostenible y equitativo para todos los usuarios, evitar el desabastecimiento y asegurar la viabilidad econ\u00f3mica del sector energ\u00e9tico, el Gobierno actualiz\u00f3 los precios para febrero de 2025&#8221;, plante\u00f3 la Secretar\u00eda de Energ\u00eda en el documento.<\/p>\n\n\n\n<h2 class=\"wp-block-heading\">Servicios: recortan una porci\u00f3n de los subsidios<\/h2>\n\n\n\n<p>Lo espec\u00edfico en este caso es que se unificaron las bonificaciones que ten\u00edan hasta ahora los usuarios de ingresos bajos (Nivel 2, &#8220;N2&#8221;) e ingresos medios (Nivel 3, &#8220;N3&#8221;) de la segmentaci\u00f3n de tarifas que est\u00e1 vigente desde fines de 2022 y que finalizar\u00eda en mayo de este a\u00f1o para ser reemplazado por otro sistema.<\/p>\n\n\n\n<p>Ahora los usuarios N2 tendr\u00e1n un 65% de bonificaci\u00f3n sobre el Precio Estacional (PEST) de la energ\u00eda el\u00e9ctrica y sobre el precio del gas natural en el Punto de Ingreso al Sistema de Transporte (PIST) para sus consumos &#8220;base&#8221;, que en la electricidad es de 350 kilovatios-hora (kWh) y en el caso del el gasdepende de cada regi\u00f3n. Hasta ahora esas bonificaciones eran de 71,92% en la electricidad y de 64% en el gas.<\/p>\n\n\n\n<p>Los usuarios N3, que son en su mayor\u00eda de clase media y con ingresos que van desde los $ 1.025.000 hasta los $ 3.600.000 mensuales por familia, tendr\u00e1n una bonificaci\u00f3n del 50% en los consumos &#8220;base&#8221; (250 kilovatios-hora el\u00e9ctricos) sobre el precio mayorista de la energ\u00eda y el gas. Hasta hoy era del 55,94% y del 55%, respectivamente.<\/p>\n","protected":false},"excerpt":{"rendered":"<p>El Gobierno busca marcar la &#8220;pauta de inflaci\u00f3n&#8221;&nbsp;a trav\u00e9s de estos&nbsp;precios regulados. En febrero habr\u00e1 un aumento de las tarifas de energ\u00eda el\u00e9ctrica de 1,5% promedio y de 1,6% promedio&hellip; <\/p>\n","protected":false},"author":4,"featured_media":187795,"comment_status":"closed","ping_status":"open","sticky":false,"template":"","format":"standard","meta":{"footnotes":""},"categories":[20],"tags":[],"class_list":["post-187794","post","type-post","status-publish","format-standard","has-post-thumbnail","hentry","category-economia"],"_links":{"self":[{"href":"https:\/\/corrientesdetarde.com\/index.php\/wp-json\/wp\/v2\/posts\/187794","targetHints":{"allow":["GET"]}}],"collection":[{"href":"https:\/\/corrientesdetarde.com\/index.php\/wp-json\/wp\/v2\/posts"}],"about":[{"href":"https:\/\/corrientesdetarde.com\/index.php\/wp-json\/wp\/v2\/types\/post"}],"author":[{"embeddable":true,"href":"https:\/\/corrientesdetarde.com\/index.php\/wp-json\/wp\/v2\/users\/4"}],"replies":[{"embeddable":true,"href":"https:\/\/corrientesdetarde.com\/index.php\/wp-json\/wp\/v2\/comments?post=187794"}],"version-history":[{"count":1,"href":"https:\/\/corrientesdetarde.com\/index.php\/wp-json\/wp\/v2\/posts\/187794\/revisions"}],"predecessor-version":[{"id":187796,"href":"https:\/\/corrientesdetarde.com\/index.php\/wp-json\/wp\/v2\/posts\/187794\/revisions\/187796"}],"wp:featuredmedia":[{"embeddable":true,"href":"https:\/\/corrientesdetarde.com\/index.php\/wp-json\/wp\/v2\/media\/187795"}],"wp:attachment":[{"href":"https:\/\/corrientesdetarde.com\/index.php\/wp-json\/wp\/v2\/media?parent=187794"}],"wp:term":[{"taxonomy":"category","embeddable":true,"href":"https:\/\/corrientesdetarde.com\/index.php\/wp-json\/wp\/v2\/categories?post=187794"},{"taxonomy":"post_tag","embeddable":true,"href":"https:\/\/corrientesdetarde.com\/index.php\/wp-json\/wp\/v2\/tags?post=187794"}],"curies":[{"name":"wp","href":"https:\/\/api.w.org\/{rel}","templated":true}]}}