{"id":187797,"date":"2025-01-31T09:42:58","date_gmt":"2025-01-31T12:42:58","guid":{"rendered":"https:\/\/corrientesdetarde.com\/?p=187797"},"modified":"2025-01-31T09:43:10","modified_gmt":"2025-01-31T12:43:10","slug":"un-hombre-baleo-a-ladrones-que-intentaron-robarle-las-ovejas","status":"publish","type":"post","link":"https:\/\/corrientesdetarde.com\/index.php\/policiales\/un-hombre-baleo-a-ladrones-que-intentaron-robarle-las-ovejas\/","title":{"rendered":"Un hombre bale\u00f3 a ladrones que intentaron robarle las ovejas"},"content":{"rendered":"\n<p>Un productor ganadero de Mercedes sorprendi\u00f3 a dos personas robando ovejas en su establecimiento y les dispar\u00f3 con un rifle. Uno de los sospechosos result\u00f3 herido y fue hospitalizado, mientras que el otro intent\u00f3 huir con un cordero en una mochila, pero fue detenido.<\/p>\n\n\n\n<p>Un productor ganadero de Mercedes sorprendi\u00f3 a dos personas cuando intentaban robar ovejas de su establecimiento y les dispar\u00f3 con un rifle calibre 22. Uno de los sospechosos recibi\u00f3 un balazo en la pierna y fue trasladado al hospital loca,l, mientras que el otro intent\u00f3 huir con una oveja en una mochila, pero fue detenido. &nbsp;<\/p>\n\n\n\n<p>La propietaria del establecimiento, ubicado sobre la Ruta Nacional N\u00b0123, present\u00f3 una denuncia y entreg\u00f3 a la Fiscal\u00eda Rural im\u00e1genes de las c\u00e1maras de seguridad donde se observa el robo. La polic\u00eda secuestr\u00f3 el arma utilizada, municiones y la mochila con el cordero. El fiscal orden\u00f3 actuaciones por supuesto abigeato.<\/p>\n","protected":false},"excerpt":{"rendered":"<p>Un productor ganadero de Mercedes sorprendi\u00f3 a dos personas robando ovejas en su establecimiento y les dispar\u00f3 con un rifle. Uno de los sospechosos result\u00f3 herido y fue hospitalizado, mientras&hellip; <\/p>\n","protected":false},"author":4,"featured_media":187798,"comment_status":"closed","ping_status":"open","sticky":false,"template":"","format":"standard","meta":{"footnotes":""},"categories":[33],"tags":[],"class_list":["post-187797","post","type-post","status-publish","format-standard","has-post-thumbnail","hentry","category-policiales"],"_links":{"self":[{"href":"https:\/\/corrientesdetarde.com\/index.php\/wp-json\/wp\/v2\/posts\/187797","targetHints":{"allow":["GET"]}}],"collection":[{"href":"https:\/\/corrientesdetarde.com\/index.php\/wp-json\/wp\/v2\/posts"}],"about":[{"href":"https:\/\/corrientesdetarde.com\/index.php\/wp-json\/wp\/v2\/types\/post"}],"author":[{"embeddable":true,"href":"https:\/\/corrientesdetarde.com\/index.php\/wp-json\/wp\/v2\/users\/4"}],"replies":[{"embeddable":true,"href":"https:\/\/corrientesdetarde.com\/index.php\/wp-json\/wp\/v2\/comments?post=187797"}],"version-history":[{"count":2,"href":"https:\/\/corrientesdetarde.com\/index.php\/wp-json\/wp\/v2\/posts\/187797\/revisions"}],"predecessor-version":[{"id":187800,"href":"https:\/\/corrientesdetarde.com\/index.php\/wp-json\/wp\/v2\/posts\/187797\/revisions\/187800"}],"wp:featuredmedia":[{"embeddable":true,"href":"https:\/\/corrientesdetarde.com\/index.php\/wp-json\/wp\/v2\/media\/187798"}],"wp:attachment":[{"href":"https:\/\/corrientesdetarde.com\/index.php\/wp-json\/wp\/v2\/media?parent=187797"}],"wp:term":[{"taxonomy":"category","embeddable":true,"href":"https:\/\/corrientesdetarde.com\/index.php\/wp-json\/wp\/v2\/categories?post=187797"},{"taxonomy":"post_tag","embeddable":true,"href":"https:\/\/corrientesdetarde.com\/index.php\/wp-json\/wp\/v2\/tags?post=187797"}],"curies":[{"name":"wp","href":"https:\/\/api.w.org\/{rel}","templated":true}]}}