{"id":187801,"date":"2025-01-31T09:56:32","date_gmt":"2025-01-31T12:56:32","guid":{"rendered":"https:\/\/corrientesdetarde.com\/?p=187801"},"modified":"2025-01-31T09:57:31","modified_gmt":"2025-01-31T12:57:31","slug":"corrientes-atraparon-a-un-delincuente-que-violento-autos-en-molina-punta","status":"publish","type":"post","link":"https:\/\/corrientesdetarde.com\/index.php\/policiales\/corrientes-atraparon-a-un-delincuente-que-violento-autos-en-molina-punta\/","title":{"rendered":"Corrientes: atraparon a un delincuente que violent\u00f3 autos en Molina Punta"},"content":{"rendered":"\n<p>La Polic\u00eda de Corrientes demor\u00f3 ayer por la ma\u00f1ana a un sujeto que estar\u00eda vinculado con hechos delictivos denunciados ayer.<\/p>\n\n\n\n<p>En horas de la madrugada del jueves, efectivos policiales de la Comisaria 17 detuvieron a un sujeto y secuestraron herramientas caseras utilizadas para forzar veh\u00edculos. El sujeto, mayor de edad, estar\u00eda vinculado con un hecho delictivo denunciado en la ma\u00f1ana de ayer.<\/p>\n\n\n\n<p>En el barrio Molina Punta, un vecino denunci\u00f3 que delincuentes violentaron dos veh\u00edculos suyos (Renault Cl\u00edo y Citro\u00ebn 4) que se encontraban estacionados frente a su domicilio, sobre calle Nity Cigersa al 5900. Los cacos le rompieron los vidrios, cortaron los cables de los autos y robaron una rueda de auxilio.&nbsp;<\/p>\n\n\n\n<figure class=\"wp-block-image\"><img decoding=\"async\" src=\"https:\/\/www.lt7noticias.com\/content\/bucket\/9\/72529w790h444c.jpg.webp\" alt=\"\"\/><\/figure>\n\n\n\n<p>&#8220;Molina Punta era un barrio tranquilo, pero esta semana solamente ya ocurrieron tres o cuatro hechos de inseguridad. A una vecina le ingresaron en el garage y le robaron todo, incluso las tarjetas de cr\u00e9ditos y se las usaron. Tambi\u00e9n la vecina de enfrente encontr\u00f3 infraganti a un sujeto dentro de su casilla de gas, intentando robarle la garrafa. Lo peor es que agarran a los tipos y nos los pueden dejar presos. La polic\u00eda ya no puede hacer m\u00e1s de lo que hace, deber\u00edan tomar cartas en el asunto los pol\u00edticos y la Justicia&#8221;, se quej\u00f3 por el hecho Alberto, el vecino damnificado.<\/p>\n\n\n\n<figure class=\"wp-block-table\"><table class=\"has-fixed-layout\"><tbody><tr><td><img loading=\"lazy\" decoding=\"async\" alt=\"\" width=\"790\" height=\"1053\" src=\"https:\/\/www.lt7noticias.com\/content\/bucket\/7\/72527w790h1053c.jpg.webp\"><\/td><td><img loading=\"lazy\" decoding=\"async\" alt=\"\" width=\"790\" height=\"1053\" src=\"https:\/\/www.lt7noticias.com\/content\/bucket\/8\/72528w790h1053c.jpg.webp\"><\/td><\/tr><\/tbody><\/table><\/figure>\n\n\n\n<p>Tras tomar conocimiento del hecho, funcionarios policiales realizron un relevamiento de las c\u00e1maras de seguridad de la zona y as\u00ed lograron individualizar al supuesto autor de estos hechos, lo que permiti\u00f3 su posterior detenci\u00f3n. El sujeto fue identificado con el apellido Morinigo (alias Pepe, mayor de edad) y en poder del mismo hallaron herramientas caseras que habr\u00edan sido utilizadas para violentar a los veh\u00edculos.&nbsp;<\/p>\n\n\n\n<p>El demorado junto a lo secuestrado fueron puestos a Disposici\u00f3n de la Unidad Fiscal Interviniente y trasladado hacia la Comisaria Decimo S\u00e9ptima, donde se prosiguen &nbsp;las diligencias correspondientes.<\/p>\n","protected":false},"excerpt":{"rendered":"<p>La Polic\u00eda de Corrientes demor\u00f3 ayer por la ma\u00f1ana a un sujeto que estar\u00eda vinculado con hechos delictivos denunciados ayer. En horas de la madrugada del jueves, efectivos policiales de&hellip; <\/p>\n","protected":false},"author":4,"featured_media":187802,"comment_status":"closed","ping_status":"open","sticky":false,"template":"","format":"standard","meta":{"footnotes":""},"categories":[33],"tags":[],"class_list":["post-187801","post","type-post","status-publish","format-standard","has-post-thumbnail","hentry","category-policiales"],"_links":{"self":[{"href":"https:\/\/corrientesdetarde.com\/index.php\/wp-json\/wp\/v2\/posts\/187801","targetHints":{"allow":["GET"]}}],"collection":[{"href":"https:\/\/corrientesdetarde.com\/index.php\/wp-json\/wp\/v2\/posts"}],"about":[{"href":"https:\/\/corrientesdetarde.com\/index.php\/wp-json\/wp\/v2\/types\/post"}],"author":[{"embeddable":true,"href":"https:\/\/corrientesdetarde.com\/index.php\/wp-json\/wp\/v2\/users\/4"}],"replies":[{"embeddable":true,"href":"https:\/\/corrientesdetarde.com\/index.php\/wp-json\/wp\/v2\/comments?post=187801"}],"version-history":[{"count":1,"href":"https:\/\/corrientesdetarde.com\/index.php\/wp-json\/wp\/v2\/posts\/187801\/revisions"}],"predecessor-version":[{"id":187803,"href":"https:\/\/corrientesdetarde.com\/index.php\/wp-json\/wp\/v2\/posts\/187801\/revisions\/187803"}],"wp:featuredmedia":[{"embeddable":true,"href":"https:\/\/corrientesdetarde.com\/index.php\/wp-json\/wp\/v2\/media\/187802"}],"wp:attachment":[{"href":"https:\/\/corrientesdetarde.com\/index.php\/wp-json\/wp\/v2\/media?parent=187801"}],"wp:term":[{"taxonomy":"category","embeddable":true,"href":"https:\/\/corrientesdetarde.com\/index.php\/wp-json\/wp\/v2\/categories?post=187801"},{"taxonomy":"post_tag","embeddable":true,"href":"https:\/\/corrientesdetarde.com\/index.php\/wp-json\/wp\/v2\/tags?post=187801"}],"curies":[{"name":"wp","href":"https:\/\/api.w.org\/{rel}","templated":true}]}}