{"id":187805,"date":"2025-01-31T09:58:45","date_gmt":"2025-01-31T12:58:45","guid":{"rendered":"https:\/\/corrientesdetarde.com\/?p=187805"},"modified":"2025-01-31T17:36:36","modified_gmt":"2025-01-31T20:36:36","slug":"gustavo-valdes-asume-la-presidencia-de-la-ucr-correntina","status":"publish","type":"post","link":"https:\/\/corrientesdetarde.com\/index.php\/politica\/gustavo-valdes-asume-la-presidencia-de-la-ucr-correntina\/","title":{"rendered":"Vald\u00e9s tom\u00f3 posesi\u00f3n del Comit\u00e9 Central de la UCR defendiendo la institucionalidad y asegurando ofrecer las &#8220;mejores propuestas&#8221; para Corrientes"},"content":{"rendered":"\n<p><\/p>\n\n\n\n<p>&#8220;Queremos informales que la Uni\u00f3n C\u00edvica Radical ha constituido formalmente sus autoridades&#8221;, expres\u00f3 el gobernador Gustavo Vald\u00e9s al iniciar este viernes la conferencia de prensa que se convoc\u00f3 en el Comit\u00e9 Central ubicado en 25 de Mayo 1232 de la ciudad de Corrientes. Fue tras el&nbsp;Acto de Toma de Posesi\u00f3n, formalidad que se concret\u00f3 en el lugar a las 11,30, convirti\u00e9ndo as\u00ed al Mandatario en el presidente provincial del partido tras el triunfo de su l\u00ednea interna &#8220;Vamos Radicales&#8221;. Lo secund\u00f3 la concejal capitalina Lilian Cano, quien de igual manera , pas\u00f3 a ser la titular de la rama juvenil. Vald\u00e9s agreg\u00f3 que &#8220;vamos a estar haciendo la presentaci\u00f3n en sociedad&#8221; en el multitudinario acto que se prepara para las 19 en avenida Maip\u00fa 3840 y destac\u00f3 esta &#8220;institucionalizaci\u00f3n&#8221; para la conformaci\u00f3n del marco de alianzas que definir\u00e1n este a\u00f1o a los nuevos representantes ejecutivos y legislativos de la provincia para &#8220;seguir desarrollando la modernidad, educaci\u00f3n, obra p\u00fablica, producci\u00f3n e industrializaci\u00f3n&#8221; con las &#8220;mejores propuestas para la sociedad&#8221;. Y m\u00e1s all\u00e1 de las coincidencias&nbsp;o no con la Naci\u00f3n, asegur\u00f3 que &#8220;vamos a defender a nuestra provincia&#8221;.<\/p>\n\n\n\n<p>Primeramente, el Gobernador agradeci\u00f3 la presencia de los medios y les dijo que &#8220;queremos informales que la Uni\u00f3n C\u00edvica Radical ha constituido formalmente sus autoridades&#8221;, explicando que el acto convocado a las 19 del mismo d\u00eda es porque &#8220;vamos a estar haciendo la presentaci\u00f3n en sociedad&#8221; de las&nbsp;autoridades electas en las internas de la UCR concretadas el pasado 22 de diciembre. &#8220;Vamos a esperar la presencia de la militancia del radicalismo con invitaci\u00f3n de los partidos pol\u00edticos que componen nuestro espacio para este acto que para nosotros es central&#8221;, porque significa la &#8220;institucionalizaci\u00f3n de la UCR&#8221;.<\/p>\n\n\n\n<p>&#8220;Sab\u00edamos que era fundamental que nosotros podamos tener a la Uni\u00f3n C\u00edvica Radical normalizada, porque es un proceso en el que se elige gobernador, diputados, senadores y concejales y estamos pr\u00f3ximos a esas elecciones&#8221;, remarc\u00f3 Vald\u00e9s, anunciando en este sentido que &#8220;a partir de ahora la UCR va a retomar las conversaciones profundas con los distintos partidos pol\u00edticos para conformar alianzas&#8221;. Luego agreg\u00f3 que &#8220;para ganar las elecciones, nosotros vamos a construir las mejores propuestas para la sociedad, porque tenemos la experiencia y la responsabilidad de conducir una provincia que cada vez est\u00e1 tomando m\u00e1s fuerza y desarrollo&#8221;.<\/p>\n\n\n\n<p>&#8220;Como radicales tenemos la meta fundamental de seguir construyendo la modernidad en la provincia, seguir desarrollando la educaci\u00f3n, seguir comprometidos con la obra p\u00fablica, pero fundamentalmente trabajar en reforzar todo lo que es la producci\u00f3n y la industrializaci\u00f3n&#8221;, traz\u00f3 luego como horizonte de continuidad en la l\u00ednea que desde 2017 imprimi\u00f3 a Corrientes.<\/p>\n\n\n\n<p>En la ocasi\u00f3n, Vald\u00e9s fue clara su postura sobre la educaci\u00f3n al sostener que &#8220;hay que poner en la agenda de de todos los lugares lo que es la modernizaci\u00f3n y para eso hay que tener conocimiento y la \u00fanica manera es teniendo universidades que puedan ense\u00f1ar y transmitir ese conocimiento con fuertes inversiones que es lo que justamente tiene a cargo el Gobierno nacional&#8221;. Al respecto, sostuvo que &#8220;tenemos que fortalecer nuestra educaci\u00f3n p\u00fablica para que todos tengamos igualdad de oportunidades&#8221;.&nbsp;<\/p>\n\n\n\n<p>Y aclar\u00f3 que &#8220;nosotros tenemos nuestro pensamiento y nuestras ideas, en algunas cosas coincidimos con el Gobierno nacional, por ejemplo durante mucho tiempo nosotros ped\u00edamos la eliminaci\u00f3n de las elecciones PASO y me parece que ahora su suspensi\u00f3n es un avance en el camino correcto&#8221;. No obstante, reconoci\u00f3 que &#8220;seguramente vamos a tener otras disidencias, donde no vamos a acompa\u00f1ar, por ejemplo con la educaci\u00f3n p\u00fablica&#8221;.<\/p>\n\n\n\n<p>En este sentido, Vald\u00e9s dej\u00f3 en claro que &#8220;Corrientes tiene sus propios intereses y a veces coinciden con la Naci\u00f3n y a veces son contrapuestos, por ejemplo con Yacyret\u00e1 tenemos intereses contrapuestos, por lo tanto nosotros vamos a defender a nuestra provincia&#8221;.<\/p>\n\n\n\n<p>No obstante, el mandatario provincial reconoci\u00f3 que mantiene con Naci\u00f3n relaciones &#8220;puntales e institucionales que las tenemos que seguir cuidando, porque nosotros administramos una provincia y me parece saludable que mantengamos una relaci\u00f3n madura que no se pod\u00eda&nbsp;con el anterior gobierno&#8221;.<\/p>\n\n\n\n<p>Acompa\u00f1aron a Vald\u00e9s en esta conferencia de prensa: Lilian Cano, Noelia Bazzi, Sergio Flinta, Ad\u00e1n Gaya, Norbert Ast y Ver\u00f3nica Esp\u00edndola, integrantes de &#8220;Vamos Radicales&#8221;, l\u00ednea interna que se impuso el pasado 22 de diciembre en las elecciones internas de la UCR en toda la provincia.<\/p>\n","protected":false},"excerpt":{"rendered":"<p>&#8220;Queremos informales que la Uni\u00f3n C\u00edvica Radical ha constituido formalmente sus autoridades&#8221;, expres\u00f3 el gobernador Gustavo Vald\u00e9s al iniciar este viernes la conferencia de prensa que se convoc\u00f3 en el&hellip; <\/p>\n","protected":false},"author":4,"featured_media":187806,"comment_status":"closed","ping_status":"open","sticky":false,"template":"","format":"standard","meta":{"footnotes":""},"categories":[23,3],"tags":[],"class_list":["post-187805","post","type-post","status-publish","format-standard","has-post-thumbnail","hentry","category-actualidad","category-politica"],"_links":{"self":[{"href":"https:\/\/corrientesdetarde.com\/index.php\/wp-json\/wp\/v2\/posts\/187805","targetHints":{"allow":["GET"]}}],"collection":[{"href":"https:\/\/corrientesdetarde.com\/index.php\/wp-json\/wp\/v2\/posts"}],"about":[{"href":"https:\/\/corrientesdetarde.com\/index.php\/wp-json\/wp\/v2\/types\/post"}],"author":[{"embeddable":true,"href":"https:\/\/corrientesdetarde.com\/index.php\/wp-json\/wp\/v2\/users\/4"}],"replies":[{"embeddable":true,"href":"https:\/\/corrientesdetarde.com\/index.php\/wp-json\/wp\/v2\/comments?post=187805"}],"version-history":[{"count":2,"href":"https:\/\/corrientesdetarde.com\/index.php\/wp-json\/wp\/v2\/posts\/187805\/revisions"}],"predecessor-version":[{"id":187877,"href":"https:\/\/corrientesdetarde.com\/index.php\/wp-json\/wp\/v2\/posts\/187805\/revisions\/187877"}],"wp:featuredmedia":[{"embeddable":true,"href":"https:\/\/corrientesdetarde.com\/index.php\/wp-json\/wp\/v2\/media\/187806"}],"wp:attachment":[{"href":"https:\/\/corrientesdetarde.com\/index.php\/wp-json\/wp\/v2\/media?parent=187805"}],"wp:term":[{"taxonomy":"category","embeddable":true,"href":"https:\/\/corrientesdetarde.com\/index.php\/wp-json\/wp\/v2\/categories?post=187805"},{"taxonomy":"post_tag","embeddable":true,"href":"https:\/\/corrientesdetarde.com\/index.php\/wp-json\/wp\/v2\/tags?post=187805"}],"curies":[{"name":"wp","href":"https:\/\/api.w.org\/{rel}","templated":true}]}}