{"id":187807,"date":"2025-01-31T10:01:47","date_gmt":"2025-01-31T13:01:47","guid":{"rendered":"https:\/\/corrientesdetarde.com\/?p=187807"},"modified":"2025-01-31T10:03:44","modified_gmt":"2025-01-31T13:03:44","slug":"la-cultura-portena-arranca-febrero-con-tango-folklore-y-actividades-para-la-ninez","status":"publish","type":"post","link":"https:\/\/corrientesdetarde.com\/index.php\/cultura\/la-cultura-portena-arranca-febrero-con-tango-folklore-y-actividades-para-la-ninez\/","title":{"rendered":"LA CULTURA PORTE\u00d1A ARRANCA FEBRERO CON TANGO, FOLKLORE Y ACTIVIDADES PARA LA NI\u00d1EZ"},"content":{"rendered":"\n<p>(Por Bel\u00e9n Papa Orfano para CDT)- Comienza febrero y la agenda cultural porte\u00f1a comienza de a poco a retomar su normalidad. El teatro contin\u00faa en pausa, pero contin\u00faan las exposiciones en los museos, los ciclos de cine y las actividades para los chicos. Este fin de semana, la frutilla del postre tendr\u00e1 sonido a tango.<\/p>\n\n\n\n<p>ARTE<br>En Malba contin\u00faa la exposici\u00f3n dedicada al fot\u00f3grafo George Friedman, Fotonovela. Influenciado por el film noir, Friedman fue un extraordinario fot\u00f3grafo, de gran cultura visual y due\u00f1o de un estilo personal que se fue desarrollando y refinando n\u00famero tras n\u00famero en las muchas fotonovelas que public\u00f3 en Idilio.<br>M\u00e1s all\u00e1 del romanticismo edulcorado propio del g\u00e9nero, supo producir construcciones visuales de gran poder narrativo y simb\u00f3lico. Esta exposici\u00f3n exhibe sus creaciones tanto en fotograf\u00edas vintage como en el contexto gr\u00e1fico de la revista.<br>Malba &#8211; Av. Pres. Figueroa Alcorta 3415<br>M\u00daSICA<br>El s\u00e1bado 1\u00ba de febrero, desde las 20 horas, el Anfiteatro del Parque Centenario se vestir\u00e1 de gala para recibir a la gran voz del tango argentino.<br>El inmenso repertorio de Amelita, que lleva m\u00e1s de seis d\u00e9cadas cantando, abarca el tango, el folklore y todas las formas de la canci\u00f3n popular. En esta oportunidad ofrecer\u00e1 un recorrido musical inspirado en Gardel, Borges y Piazzolla.<br>Entrada sin costo hasta agotar la capacidad del anfiteatro. Se suspende por lluvia.<br>Parque Centenario &#8211; Av. D\u00edaz V\u00e9lez 4859<br>CINE<br>Para los m\u00e1s nost\u00e1lgicos, el ciclo de cine del Malba presentar\u00e1 durante enero Adi\u00f3s Sui Generis. El documental relata el fen\u00f3meno del d\u00fao compuesto por Charly Garc\u00eda y Lito Nebbia en su show despedida en el Luna Park el 5 de septiembre del 75.<br>Adi\u00f3s Sui Generis (Argentina-1976) de Bebe Kam\u00edn se proyectar\u00e1 el viernes 31 de enero y el s\u00e1bado 1 de febrero a las 24:00. Las entradas se pueden comprar en la web de Malba o en boleter\u00eda.<br>Malba &#8211; Av. Pres. Figueroa Alcorta 3415<\/p>\n\n\n\n<p>PARA LOS M\u00c1S CHICOS<br>El Museo de Arte Moderno de Buenos Aires invita a grandes y ni\u00f1os a convertirse en exploradores. \u00bfTodas las esculturas tienen brazos? \u00bfCu\u00e1ntas cabezas pod\u00e9s encontrar en las salas del Museo?, son algunas de las preguntas que se formular\u00e1n como puntapi\u00e9 para salir a recorrer las obras exhibidas en busca de diferentes tipos de cuerpos para luego inspirarse y armar una gran criatura en arcilla. La actividad es gratuita y requiere inscripci\u00f3n previa en la web del museo. S\u00e1bado 1 de febrero, 16 horas.<br>Museo de Arte Moderno de Buenos Aires \u2013 Av. San Juan 350<\/p>\n","protected":false},"excerpt":{"rendered":"<p>(Por Bel\u00e9n Papa Orfano para CDT)- Comienza febrero y la agenda cultural porte\u00f1a comienza de a poco a retomar su normalidad. El teatro contin\u00faa en pausa, pero contin\u00faan las exposiciones&hellip; <\/p>\n","protected":false},"author":11,"featured_media":187810,"comment_status":"closed","ping_status":"open","sticky":false,"template":"","format":"standard","meta":{"footnotes":""},"categories":[15],"tags":[],"class_list":["post-187807","post","type-post","status-publish","format-standard","has-post-thumbnail","hentry","category-cultura"],"_links":{"self":[{"href":"https:\/\/corrientesdetarde.com\/index.php\/wp-json\/wp\/v2\/posts\/187807","targetHints":{"allow":["GET"]}}],"collection":[{"href":"https:\/\/corrientesdetarde.com\/index.php\/wp-json\/wp\/v2\/posts"}],"about":[{"href":"https:\/\/corrientesdetarde.com\/index.php\/wp-json\/wp\/v2\/types\/post"}],"author":[{"embeddable":true,"href":"https:\/\/corrientesdetarde.com\/index.php\/wp-json\/wp\/v2\/users\/11"}],"replies":[{"embeddable":true,"href":"https:\/\/corrientesdetarde.com\/index.php\/wp-json\/wp\/v2\/comments?post=187807"}],"version-history":[{"count":2,"href":"https:\/\/corrientesdetarde.com\/index.php\/wp-json\/wp\/v2\/posts\/187807\/revisions"}],"predecessor-version":[{"id":187813,"href":"https:\/\/corrientesdetarde.com\/index.php\/wp-json\/wp\/v2\/posts\/187807\/revisions\/187813"}],"wp:featuredmedia":[{"embeddable":true,"href":"https:\/\/corrientesdetarde.com\/index.php\/wp-json\/wp\/v2\/media\/187810"}],"wp:attachment":[{"href":"https:\/\/corrientesdetarde.com\/index.php\/wp-json\/wp\/v2\/media?parent=187807"}],"wp:term":[{"taxonomy":"category","embeddable":true,"href":"https:\/\/corrientesdetarde.com\/index.php\/wp-json\/wp\/v2\/categories?post=187807"},{"taxonomy":"post_tag","embeddable":true,"href":"https:\/\/corrientesdetarde.com\/index.php\/wp-json\/wp\/v2\/tags?post=187807"}],"curies":[{"name":"wp","href":"https:\/\/api.w.org\/{rel}","templated":true}]}}