{"id":187836,"date":"2025-01-31T11:26:57","date_gmt":"2025-01-31T14:26:57","guid":{"rendered":"https:\/\/corrientesdetarde.com\/?p=187836"},"modified":"2025-01-31T11:27:09","modified_gmt":"2025-01-31T14:27:09","slug":"buscan-desesperadamente-a-kokito-la-mascota-de-una-abuela-de-87-anos","status":"publish","type":"post","link":"https:\/\/corrientesdetarde.com\/index.php\/sociales\/buscan-desesperadamente-a-kokito-la-mascota-de-una-abuela-de-87-anos\/","title":{"rendered":"Buscan desesperadamente a &#8220;Kokito&#8221;, la mascota de una abuela de 87 a\u00f1os"},"content":{"rendered":"\n<p>A la redacci\u00f3n de&nbsp;<strong>\u00e9poca<\/strong>&nbsp;lleg\u00f3 el pedido desesperado de una familia que clama por &#8220;Kokito&#8221;, un perrito de 10 a\u00f1os, que se extravi\u00f3 en el barrio San Jos\u00e9 Obrero. &#8220;Es la mascota de mi mam\u00e1 que tiene 87 a\u00f1os. Se extravi\u00f3 ayer a las 15:30 aproximadamente&#8221;. Gratificar\u00e1n cualquier informaci\u00f3n.&nbsp;<\/p>\n\n\n\n<figure class=\"wp-block-image size-full\"><img loading=\"lazy\" decoding=\"async\" width=\"334\" height=\"753\" src=\"https:\/\/corrientesdetarde.com\/wp-content\/uploads\/2025\/01\/image-743.png\" alt=\"\" class=\"wp-image-187837\" srcset=\"https:\/\/corrientesdetarde.com\/wp-content\/uploads\/2025\/01\/image-743.png 334w, https:\/\/corrientesdetarde.com\/wp-content\/uploads\/2025\/01\/image-743-133x300.png 133w\" sizes=\"auto, (max-width: 334px) 100vw, 334px\" \/><\/figure>\n\n\n\n<p>&#8220;Estamos muy angustiados. Kokito es muy miedoso, no sabe andar solo por la calle y no le gusta las personas desconocidas. \u00a1Por favor lo estamos buscando!&#8221;, escribieron a \u00e9poca la familia de la mascota.&nbsp;<\/p>\n\n\n\n<p>El perrito se extravi\u00f3 ayer a las 15:30 aproximadamente en el barrio capitalino San Jos\u00e9 Obrero. &#8220;Es macho, de 10 a\u00f1os, castrado. Es una mascota terap\u00e9utica y acompa\u00f1a a mi mam\u00e1 que tiene 87 a\u00f1os&#8221;, se\u00f1alaron.<\/p>\n\n\n\n<p>Asimismo dijo &#8220;Mi mam\u00e1 pas\u00f3 la noche llorando. Ella est\u00e1 enferma y necesita a Kokito&#8221;.<\/p>\n\n\n\n<p>Cualquier informaci\u00f3n comunicarse al&nbsp;<strong>3794 578981.<\/strong><\/p>\n","protected":false},"excerpt":{"rendered":"<p>A la redacci\u00f3n de&nbsp;\u00e9poca&nbsp;lleg\u00f3 el pedido desesperado de una familia que clama por &#8220;Kokito&#8221;, un perrito de 10 a\u00f1os, que se extravi\u00f3 en el barrio San Jos\u00e9 Obrero. &#8220;Es la&hellip; <\/p>\n","protected":false},"author":4,"featured_media":187838,"comment_status":"closed","ping_status":"open","sticky":false,"template":"","format":"standard","meta":{"footnotes":""},"categories":[17],"tags":[],"class_list":["post-187836","post","type-post","status-publish","format-standard","has-post-thumbnail","hentry","category-sociales"],"_links":{"self":[{"href":"https:\/\/corrientesdetarde.com\/index.php\/wp-json\/wp\/v2\/posts\/187836","targetHints":{"allow":["GET"]}}],"collection":[{"href":"https:\/\/corrientesdetarde.com\/index.php\/wp-json\/wp\/v2\/posts"}],"about":[{"href":"https:\/\/corrientesdetarde.com\/index.php\/wp-json\/wp\/v2\/types\/post"}],"author":[{"embeddable":true,"href":"https:\/\/corrientesdetarde.com\/index.php\/wp-json\/wp\/v2\/users\/4"}],"replies":[{"embeddable":true,"href":"https:\/\/corrientesdetarde.com\/index.php\/wp-json\/wp\/v2\/comments?post=187836"}],"version-history":[{"count":2,"href":"https:\/\/corrientesdetarde.com\/index.php\/wp-json\/wp\/v2\/posts\/187836\/revisions"}],"predecessor-version":[{"id":187840,"href":"https:\/\/corrientesdetarde.com\/index.php\/wp-json\/wp\/v2\/posts\/187836\/revisions\/187840"}],"wp:featuredmedia":[{"embeddable":true,"href":"https:\/\/corrientesdetarde.com\/index.php\/wp-json\/wp\/v2\/media\/187838"}],"wp:attachment":[{"href":"https:\/\/corrientesdetarde.com\/index.php\/wp-json\/wp\/v2\/media?parent=187836"}],"wp:term":[{"taxonomy":"category","embeddable":true,"href":"https:\/\/corrientesdetarde.com\/index.php\/wp-json\/wp\/v2\/categories?post=187836"},{"taxonomy":"post_tag","embeddable":true,"href":"https:\/\/corrientesdetarde.com\/index.php\/wp-json\/wp\/v2\/tags?post=187836"}],"curies":[{"name":"wp","href":"https:\/\/api.w.org\/{rel}","templated":true}]}}