{"id":187845,"date":"2025-01-31T11:40:28","date_gmt":"2025-01-31T14:40:28","guid":{"rendered":"https:\/\/corrientesdetarde.com\/?p=187845"},"modified":"2025-01-31T11:41:44","modified_gmt":"2025-01-31T14:41:44","slug":"el-gobierno-de-mendoza-autoriza-la-cesion-del-cluster-norte-a-petroleos-sudamericanos-sa","status":"publish","type":"post","link":"https:\/\/corrientesdetarde.com\/index.php\/economia\/el-gobierno-de-mendoza-autoriza-la-cesion-del-cluster-norte-a-petroleos-sudamericanos-sa\/","title":{"rendered":"El Gobierno de Mendoza autoriza la cesi\u00f3n del Cl\u00faster Norte a Petr\u00f3leos Sudamericanos SA"},"content":{"rendered":"\n<h2 class=\"wp-block-heading\">Implica la transferencia de 100% de la participaci\u00f3n de YPF SA en el marco del Plan Andes y sigue el modelo de revitalizaci\u00f3n de campos maduros.<\/h2>\n\n\n\n<p><strong>Mendoza contin\u00faa avanzando en su estrategia de desarrollo hidrocarbur\u00edfero con la autorizaci\u00f3n de la cesi\u00f3n del Cl\u00faster Norte en el marco del Plan Andes. A trav\u00e9s de esta medida, se otorga la operaci\u00f3n de las \u00e1reas Barrancas, Vizcacheras, La Ventana, Mesa Verde, Ceferino y R\u00edo Tunuy\u00e1n a la empresa Petr\u00f3leos Sudamericanos SA.<\/strong><\/p>\n\n\n\n<p><mark>Este hito marca la segunda cesi\u00f3n de \u00e1reas dentro del Plan Andes de YPF, siguiendo el precedente de Llancanelo a PCR en noviembre de 2024. La iniciativa refuerza la tendencia de reestructuraci\u00f3n del sector, en la cual grandes operadoras delegan activos convencionales a empresas especializadas con un enfoque mayor en producci\u00f3n y desarrollo.<\/mark><\/p>\n\n\n\n<p>\u201cEste modelo no solo permite revitalizar campos considerados maduros o marginales, sino tambi\u00e9n aumentar la producci\u00f3n, atraer inversiones y generar un impacto positivo en las comunidades locales\u201d, destac\u00f3 la ministra de Energ\u00eda y Ambiente, Jimena Latorre.<\/p>\n\n\n\n<h3 class=\"wp-block-heading\"><strong>Un modelo de revitalizaci\u00f3n para campos maduros<\/strong><\/h3>\n\n\n\n<p>El traspaso de estas \u00e1reas refleja una tendencia creciente en la industria energ\u00e9tica, donde grandes operadoras, como YPF, concentran sus esfuerzos en activos no convencionales, como Vaca Muerta, mientras transfieren \u00e1reas maduras a empresas especializadas.<\/p>\n\n\n\n<p><mark>La cesi\u00f3n implica la transferencia del 100% de la participaci\u00f3n de YPF S.A. en estos activos a Petr\u00f3leos Sudamericanos SA, asegurando la continuidad operativa y la implementaci\u00f3n de nuevas estrategias de producci\u00f3n.<\/mark><\/p>\n\n\n\n<p>\u201cEstas \u00e1reas representan una producci\u00f3n acumulada de 2.200 m\u00b3\/d, lo que constituye aproximadamente 25% de la producci\u00f3n total de Mendoza\u201d, se\u00f1al\u00f3 el director de Hidrocarburos del Ministerio de Energ\u00eda y Ambiente, Lucas Erio.<\/p>\n\n\n\n<h3 class=\"wp-block-heading\"><strong>Pr\u00f3rrogas y seguridad jur\u00eddica<\/strong><\/h3>\n\n\n\n<p>El Gobierno de Mendoza est\u00e1 analizando el cumplimiento de condiciones para la pr\u00f3rroga de las concesiones de las \u00e1reas del Cl\u00faster Norte, cuyos vencimientos est\u00e1n pr\u00f3ximos, espec\u00edficamente Barrancas, Vizcacheras, La Ventana y R\u00edo Tunuy\u00e1n, cuyos plazos expiran entre 2026 y 2027.<\/p>\n\n\n\n<p>Esta medida busca fortalecer la seguridad jur\u00eddica y fomentar la inversi\u00f3n a largo plazo en estas \u00e1reas estrat\u00e9gicas.<\/p>\n\n\n\n<p>La resoluci\u00f3n de cesi\u00f3n del Ministerio de Energ\u00eda y Ambiente establece un plazo de cuatro meses para que las empresas formalicen la escritura p\u00fablica de cesi\u00f3n y concluyan los tr\u00e1mites administrativos. Adem\u00e1s, garantiza que tanto la cedente como la cesionaria cumplan con todas las obligaciones legales y contractuales.<\/p>\n\n\n\n<p>Asimismo, la resoluci\u00f3n vela por la responsabilidad ambiental, exigiendo el cumplimiento de los est\u00e1ndares establecidos para el saneamiento de pasivos y el abandono de pozos, y garantiza una transici\u00f3n ordenada y sostenible.<\/p>\n\n\n\n<h3 class=\"wp-block-heading\"><strong>Una tendencia en la industria: especializaci\u00f3n y crecimiento<\/strong><\/h3>\n\n\n\n<p>\u201cCasos recientes, como la cesi\u00f3n de Llancanelo a PCR, confirman esta estrategia, asegurando que empresas con un enfoque m\u00e1s espec\u00edfico puedan potenciar la producci\u00f3n y maximizar el aprovechamiento de recursos. Otro ejemplo es la presentaci\u00f3n reciente de las empresas CGC y VenOil, cuya solicitud busca aprobar la cesi\u00f3n de las \u00e1reas Piedras Coloradas y Cacheuta\u201d, afirm\u00f3 el director de Hidrocarburos.<\/p>\n\n\n\n<p>Esta transici\u00f3n no solo mantiene la estabilidad productiva sino que tambi\u00e9n representa una oportunidad para atraer nuevas inversiones, generar empleo y fortalecer la producci\u00f3n local. La experiencia de operadores especializados garantiza una gesti\u00f3n eficiente y la adopci\u00f3n de tecnolog\u00edas avanzadas para optimizar la explotaci\u00f3n de los recursos.<\/p>\n\n\n\n<p>Con esta decisi\u00f3n, Mendoza reafirma su compromiso con la gesti\u00f3n eficiente, la promoci\u00f3n de inversiones y la sostenibilidad del sector energ\u00e9tico, consolid\u00e1ndose como un actor clave en la industria hidrocarbur\u00edferos nacional.<\/p>\n","protected":false},"excerpt":{"rendered":"<p>Implica la transferencia de 100% de la participaci\u00f3n de YPF SA en el marco del Plan Andes y sigue el modelo de revitalizaci\u00f3n de campos maduros. Mendoza contin\u00faa avanzando en&hellip; <\/p>\n","protected":false},"author":4,"featured_media":187846,"comment_status":"closed","ping_status":"open","sticky":false,"template":"","format":"standard","meta":{"footnotes":""},"categories":[20],"tags":[],"class_list":["post-187845","post","type-post","status-publish","format-standard","has-post-thumbnail","hentry","category-economia"],"_links":{"self":[{"href":"https:\/\/corrientesdetarde.com\/index.php\/wp-json\/wp\/v2\/posts\/187845","targetHints":{"allow":["GET"]}}],"collection":[{"href":"https:\/\/corrientesdetarde.com\/index.php\/wp-json\/wp\/v2\/posts"}],"about":[{"href":"https:\/\/corrientesdetarde.com\/index.php\/wp-json\/wp\/v2\/types\/post"}],"author":[{"embeddable":true,"href":"https:\/\/corrientesdetarde.com\/index.php\/wp-json\/wp\/v2\/users\/4"}],"replies":[{"embeddable":true,"href":"https:\/\/corrientesdetarde.com\/index.php\/wp-json\/wp\/v2\/comments?post=187845"}],"version-history":[{"count":2,"href":"https:\/\/corrientesdetarde.com\/index.php\/wp-json\/wp\/v2\/posts\/187845\/revisions"}],"predecessor-version":[{"id":187849,"href":"https:\/\/corrientesdetarde.com\/index.php\/wp-json\/wp\/v2\/posts\/187845\/revisions\/187849"}],"wp:featuredmedia":[{"embeddable":true,"href":"https:\/\/corrientesdetarde.com\/index.php\/wp-json\/wp\/v2\/media\/187846"}],"wp:attachment":[{"href":"https:\/\/corrientesdetarde.com\/index.php\/wp-json\/wp\/v2\/media?parent=187845"}],"wp:term":[{"taxonomy":"category","embeddable":true,"href":"https:\/\/corrientesdetarde.com\/index.php\/wp-json\/wp\/v2\/categories?post=187845"},{"taxonomy":"post_tag","embeddable":true,"href":"https:\/\/corrientesdetarde.com\/index.php\/wp-json\/wp\/v2\/tags?post=187845"}],"curies":[{"name":"wp","href":"https:\/\/api.w.org\/{rel}","templated":true}]}}